{"id":1147,"date":"2012-05-09T16:37:18","date_gmt":"2012-05-09T16:37:18","guid":{"rendered":"http:\/\/thenordiccountries.com\/es\/?p=1147"},"modified":"2012-05-09T17:08:33","modified_gmt":"2012-05-09T17:08:33","slug":"la-orquesta-filarmonica-de-copenhague-toca-en-el-metro-de-copenhague","status":"publish","type":"post","link":"http:\/\/thenordiccountries.com\/es\/la-orquesta-filarmonica-de-copenhague-toca-en-el-metro-de-copenhague\/","title":{"rendered":"La Orquesta Filarm\u00f3nica de Copenhague Toca en el Metro"},"content":{"rendered":"<p style=\"text-align: justify;\"><strong>La Orquesta filarm\u00f3nica de Copenhague<\/strong> ha dado un curioso y precioso concierto tocando m\u00fasica del compositor <strong>Edward Grieg<\/strong> en el metro urbano de Copenhague.<\/p>\n<p style=\"text-align: justify;\">La sorprendente iniciativa de la orquesta ha sido fuertemente aplaudida por el p\u00fablico dan\u00e9s que se encontraba en su tr\u00e1nsito diario en aquel viaje de metro. El entusiasmo de los pasajeros se puede apreciar en las caras de todos mientras escuchan la obra <em><strong>&#8220;Peer Gynt&#8221;<\/strong><\/em> del famoso compositor Noruego.<\/p>\n<p>[youtube]http:\/\/www.youtube.com\/watch?v=wGw01YDxh_o&amp;feature=youtu.be[\/youtube]<\/p>\n","protected":false},"excerpt":{"rendered":"<p>La Orquesta filarm\u00f3nica de Copenhague ha dado un curioso y precioso concierto tocando m\u00fasica del compositor Edward Grieg en el metro urbano de Copenhague. La sorprendente iniciativa de la orquesta ha sido fuertemente aplaudida por el p\u00fablico dan\u00e9s que se encontraba en su tr\u00e1nsito diario en aquel viaje de metro. El entusiasmo de los pasajeros [&hellip;]<\/p>\n","protected":false},"author":1,"featured_media":1149,"comment_status":"open","ping_status":"open","sticky":false,"template":"","format":"standard","meta":{"footnotes":""},"categories":[7,10],"tags":[],"class_list":["post-1147","post","type-post","status-publish","format-standard","has-post-thumbnail","hentry","category-actualidad","category-noticias-de-dinamarca"],"_links":{"self":[{"href":"http:\/\/thenordiccountries.com\/es\/wp-json\/wp\/v2\/posts\/1147","targetHints":{"allow":["GET"]}}],"collection":[{"href":"http:\/\/thenordiccountries.com\/es\/wp-json\/wp\/v2\/posts"}],"about":[{"href":"http:\/\/thenordiccountries.com\/es\/wp-json\/wp\/v2\/types\/post"}],"author":[{"embeddable":true,"href":"http:\/\/thenordiccountries.com\/es\/wp-json\/wp\/v2\/users\/1"}],"replies":[{"embeddable":true,"href":"http:\/\/thenordiccountries.com\/es\/wp-json\/wp\/v2\/comments?post=1147"}],"version-history":[{"count":4,"href":"http:\/\/thenordiccountries.com\/es\/wp-json\/wp\/v2\/posts\/1147\/revisions"}],"predecessor-version":[{"id":1150,"href":"http:\/\/thenordiccountries.com\/es\/wp-json\/wp\/v2\/posts\/1147\/revisions\/1150"}],"wp:featuredmedia":[{"embeddable":true,"href":"http:\/\/thenordiccountries.com\/es\/wp-json\/wp\/v2\/media\/1149"}],"wp:attachment":[{"href":"http:\/\/thenordiccountries.com\/es\/wp-json\/wp\/v2\/media?parent=1147"}],"wp:term":[{"taxonomy":"category","embeddable":true,"href":"http:\/\/thenordiccountries.com\/es\/wp-json\/wp\/v2\/categories?post=1147"},{"taxonomy":"post_tag","embeddable":true,"href":"http:\/\/thenordiccountries.com\/es\/wp-json\/wp\/v2\/tags?post=1147"}],"curies":[{"name":"wp","href":"https:\/\/api.w.org\/{rel}","templated":true}]}}