{"id":1174,"date":"2012-05-15T14:59:53","date_gmt":"2012-05-15T14:59:53","guid":{"rendered":"http:\/\/thenordiccountries.com\/es\/?p=1174"},"modified":"2012-05-15T15:00:47","modified_gmt":"2012-05-15T15:00:47","slug":"pernilla-karlsson-la-representante-de-finlandia-en-eurovision-2012","status":"publish","type":"post","link":"http:\/\/thenordiccountries.com\/es\/pernilla-karlsson-la-representante-de-finlandia-en-eurovision-2012\/","title":{"rendered":"Pernilla Karlsson &#8211; La Representante de Finlandia en Eurovisi\u00f3n 2012"},"content":{"rendered":"<p style=\"text-align: justify;\">La representante finlandesa para el concurso de canciones de Eurovisi\u00f3n 2012, que se celebrar\u00e1 en Bak\u00fa el pr\u00f3ximo 26 de Mayo, es la la joven Pernilla Karlsson. Esta cantante finno-sueca procedente de Siuntio tiene tan s\u00f3lo 21 a\u00f1os, y se hizo ganadora del Concurso de Nueva M\u00fasica (Uuden Musiikin Kilpailu) organizado por la Radio Nacional Finlandesa en el pasado mes de Febrero, convirti\u00e9ndose en la representante oficial de Finlandia en la Eurovisi\u00f3n.<\/p>\n<p style=\"text-align: justify;\">El compositor de la canci\u00f3n es el hermano de la cantante, Jonas Karlsson, que compuso este tema originariamente para el 50 cumplea\u00f1os de su madre. Pernilla Karlsson es tambi\u00e9n una jugadora profesional de bal\u00f3n- mano en la liga finlandesa. Aqu\u00ed el v\u00eddeo con la canci\u00f3n cantada en el idioma sueco que se titula &#8220;N\u00e4r Jag Blundar&#8221; lo que significa &#8220;Cuando cierro mis ojos&#8221;.<\/p>\n<p style=\"text-align: justify;\">[youtube]http:\/\/www.youtube.com\/watch?v=4OVLCNBtp7Q&amp;feature=youtu.be[\/youtube]<\/p>\n","protected":false},"excerpt":{"rendered":"<p>La representante finlandesa para el concurso de canciones de Eurovisi\u00f3n 2012, que se celebrar\u00e1 en Bak\u00fa el pr\u00f3ximo 26 de Mayo, es la la joven Pernilla Karlsson. Esta cantante finno-sueca procedente de Siuntio tiene tan s\u00f3lo 21 a\u00f1os, y se hizo ganadora del Concurso de Nueva M\u00fasica (Uuden Musiikin Kilpailu) organizado por la Radio Nacional [&hellip;]<\/p>\n","protected":false},"author":1,"featured_media":1176,"comment_status":"open","ping_status":"open","sticky":false,"template":"","format":"standard","meta":{"footnotes":""},"categories":[7,8],"tags":[244,246,245],"class_list":["post-1174","post","type-post","status-publish","format-standard","has-post-thumbnail","hentry","category-actualidad","category-noticias-de-finlandia","tag-eurovision-2012","tag-eurovision-finlandia","tag-pernilla-karlsson"],"_links":{"self":[{"href":"http:\/\/thenordiccountries.com\/es\/wp-json\/wp\/v2\/posts\/1174","targetHints":{"allow":["GET"]}}],"collection":[{"href":"http:\/\/thenordiccountries.com\/es\/wp-json\/wp\/v2\/posts"}],"about":[{"href":"http:\/\/thenordiccountries.com\/es\/wp-json\/wp\/v2\/types\/post"}],"author":[{"embeddable":true,"href":"http:\/\/thenordiccountries.com\/es\/wp-json\/wp\/v2\/users\/1"}],"replies":[{"embeddable":true,"href":"http:\/\/thenordiccountries.com\/es\/wp-json\/wp\/v2\/comments?post=1174"}],"version-history":[{"count":3,"href":"http:\/\/thenordiccountries.com\/es\/wp-json\/wp\/v2\/posts\/1174\/revisions"}],"predecessor-version":[{"id":1178,"href":"http:\/\/thenordiccountries.com\/es\/wp-json\/wp\/v2\/posts\/1174\/revisions\/1178"}],"wp:featuredmedia":[{"embeddable":true,"href":"http:\/\/thenordiccountries.com\/es\/wp-json\/wp\/v2\/media\/1176"}],"wp:attachment":[{"href":"http:\/\/thenordiccountries.com\/es\/wp-json\/wp\/v2\/media?parent=1174"}],"wp:term":[{"taxonomy":"category","embeddable":true,"href":"http:\/\/thenordiccountries.com\/es\/wp-json\/wp\/v2\/categories?post=1174"},{"taxonomy":"post_tag","embeddable":true,"href":"http:\/\/thenordiccountries.com\/es\/wp-json\/wp\/v2\/tags?post=1174"}],"curies":[{"name":"wp","href":"https:\/\/api.w.org\/{rel}","templated":true}]}}