{"id":1221,"date":"2012-05-25T17:12:15","date_gmt":"2012-05-25T17:12:15","guid":{"rendered":"http:\/\/thenordiccountries.com\/es\/?p=1221"},"modified":"2012-05-25T17:32:34","modified_gmt":"2012-05-25T17:32:34","slug":"soluna-samay-representante-de-dinamarca-en-eurovision-2012","status":"publish","type":"post","link":"http:\/\/thenordiccountries.com\/es\/soluna-samay-representante-de-dinamarca-en-eurovision-2012\/","title":{"rendered":"Soluna Samay &#8211; Representante de Dinamarca en Eurovisi\u00f3n 2012"},"content":{"rendered":"<p style=\"text-align: justify;\">La joven cantante danesa <strong>Soluna Samay<\/strong> es la representante de Dinamarca para el concurso de canciones de <strong>Eurovisi\u00f3n 2012<\/strong>. La cantante participar\u00e1 con\u00a0la canci\u00f3n <em><strong>&#8220;Should&#8217;ve known better&#8221;<\/strong><\/em> en el concurso que se celebrar\u00e1 el pr\u00f3ximo 26 de Mayo en Bak\u00fa, Azerbayi\u00e1n.<\/p>\n<p style=\"text-align: justify;\">Soluna Samay es una jovenc\u00edsima y prometedora cantante de tan s\u00f3lo 22 a\u00f1os nacida en Guatemala. Hija de un padre alem\u00e1n y madre Suiza, su familia se traslad\u00f3 a la isla danesa de Bornholm en el a\u00f1o 2000, donde la cantante ha vivido desde entonces. Samay comenz\u00f3 con la m\u00fasica en la temprana edad de 5 a\u00f1os tocando la bater\u00eda y cantando junto a su padre, que es m\u00fasico profesional, y destac\u00f3 durante a\u00f1os como la cantante del grupo <em><strong>Gee Gee &amp; Soluna<\/strong><\/em> grabando un total de siete discos;\u00a0<em>The Beat Goes On<\/em>\u00a0( 2001),\u00a0<em>Thinking Of You<\/em>\u00a0(2004),\u00a0<em>Movin\u2019 On<\/em>\u00a0( 2006),\u00a0<em>Lucky Seven<\/em>\u00a0( 2007),\u00a0<em>Just Passing Through<\/em>\u00a0(2008),\u00a0<em>Streetwise<\/em>\u00a0( 2009) y\u00a0<em>The Best &amp; the Rest<\/em>\u00a0(2011).<\/p>\n<p style=\"text-align: justify;\">Como cantante en solitario Soluna Samay debut\u00f3 en 2011 con el \u00e1lbum &#8220;<strong><em>Sing Out Loud&#8221; <\/em><\/strong>publicado por<em> Baltic Records.<\/em><\/p>\n<p style=\"text-align: justify;\">La canci\u00f3n que interpretar\u00e1 en el concurso de Eurovisi\u00f3n <em>&#8220;Should&#8217;ve known better&#8221;\u00a0<\/em>es obra de\u00a0<strong>Remee Remee <\/strong>y<strong> Isam B<\/strong>. La cantante gan\u00f3 con esta canci\u00f3n \u00a0el concurso dan\u00e9s de la canci\u00f3n\u00a0<em><strong>Dansk Melodi Grand Prix 2012\u00a0<\/strong><\/em>en el pasado mes de enero<em><strong>,\u00a0<\/strong><\/em>y por tanto fue elegida como la represente oficial de Dinamarca para el certamen de la Eurovisi\u00f3n.<\/p>\n<p style=\"text-align: justify;\">Deseamos mucha suerte a la representante de Dinamarca en la Eurovisi\u00f3n de este a\u00f1o. Aqu\u00ed el videoclip de la canci\u00f3n:<\/p>\n<p style=\"text-align: justify;\">[youtube]http:\/\/www.youtube.com\/watch?v=zi27AeBfsHg[\/youtube]<\/p>\n","protected":false},"excerpt":{"rendered":"<p>La joven cantante danesa Soluna Samay es la representante de Dinamarca para el concurso de canciones de Eurovisi\u00f3n 2012. La cantante participar\u00e1 con\u00a0la canci\u00f3n &#8220;Should&#8217;ve known better&#8221; en el concurso que se celebrar\u00e1 el pr\u00f3ximo 26 de Mayo en Bak\u00fa, Azerbayi\u00e1n. Soluna Samay es una jovenc\u00edsima y prometedora cantante de tan s\u00f3lo 22 a\u00f1os nacida [&hellip;]<\/p>\n","protected":false},"author":1,"featured_media":1223,"comment_status":"open","ping_status":"open","sticky":false,"template":"","format":"standard","meta":{"footnotes":""},"categories":[7,240,10],"tags":[244,256,255],"class_list":["post-1221","post","type-post","status-publish","format-standard","has-post-thumbnail","hentry","category-actualidad","category-musica-en-dinamarca","category-noticias-de-dinamarca","tag-eurovision-2012","tag-eurovision-dinamarca","tag-soluna-samay"],"_links":{"self":[{"href":"http:\/\/thenordiccountries.com\/es\/wp-json\/wp\/v2\/posts\/1221","targetHints":{"allow":["GET"]}}],"collection":[{"href":"http:\/\/thenordiccountries.com\/es\/wp-json\/wp\/v2\/posts"}],"about":[{"href":"http:\/\/thenordiccountries.com\/es\/wp-json\/wp\/v2\/types\/post"}],"author":[{"embeddable":true,"href":"http:\/\/thenordiccountries.com\/es\/wp-json\/wp\/v2\/users\/1"}],"replies":[{"embeddable":true,"href":"http:\/\/thenordiccountries.com\/es\/wp-json\/wp\/v2\/comments?post=1221"}],"version-history":[{"count":6,"href":"http:\/\/thenordiccountries.com\/es\/wp-json\/wp\/v2\/posts\/1221\/revisions"}],"predecessor-version":[{"id":1224,"href":"http:\/\/thenordiccountries.com\/es\/wp-json\/wp\/v2\/posts\/1221\/revisions\/1224"}],"wp:featuredmedia":[{"embeddable":true,"href":"http:\/\/thenordiccountries.com\/es\/wp-json\/wp\/v2\/media\/1223"}],"wp:attachment":[{"href":"http:\/\/thenordiccountries.com\/es\/wp-json\/wp\/v2\/media?parent=1221"}],"wp:term":[{"taxonomy":"category","embeddable":true,"href":"http:\/\/thenordiccountries.com\/es\/wp-json\/wp\/v2\/categories?post=1221"},{"taxonomy":"post_tag","embeddable":true,"href":"http:\/\/thenordiccountries.com\/es\/wp-json\/wp\/v2\/tags?post=1221"}],"curies":[{"name":"wp","href":"https:\/\/api.w.org\/{rel}","templated":true}]}}