{"id":1350,"date":"2012-07-23T11:52:27","date_gmt":"2012-07-23T11:52:27","guid":{"rendered":"http:\/\/thenordiccountries.com\/es\/?p=1350"},"modified":"2012-07-23T11:53:31","modified_gmt":"2012-07-23T11:53:31","slug":"uno-de-los-caballos-mas-pequenos-del-mundo-vive-en-finlandia","status":"publish","type":"post","link":"http:\/\/thenordiccountries.com\/es\/uno-de-los-caballos-mas-pequenos-del-mundo-vive-en-finlandia\/","title":{"rendered":"Uno de los caballos m\u00e1s peque\u00f1os del mundo vive en Finlandia"},"content":{"rendered":"<p style=\"text-align: justify;\">[youtube]http:\/\/www.youtube.com\/watch?v=bj1Yg5vlKCM[\/youtube]<\/p>\n<p style=\"text-align: justify;\">El caballo <strong>MICRA<\/strong> que vive en la localidad Finlandesa de Kirkkonummi en Helsinki, es uno de los caballos m\u00e1s peque\u00f1os del mundo.<\/p>\n<p style=\"text-align: justify;\">Micra pesa <strong>20 kilos y mide 50 cent\u00edmetros<\/strong> y pertenece a la raza de caballos <em><strong>Falabella<\/strong><\/em>. Incluso para su raza, Micra es especialmente peque\u00f1o y naci\u00f3 con una\u00a0deficiencia motriz debida a una debilidad en sus articulaciones traseras. A pesar de su discapacidad, el peque\u00f1o caballo finland\u00e9s disfruta de su vida plenamente y su due\u00f1a <strong>Susanne Hild\u00e9n<\/strong> confirma que el animal tiene un ego muy grande. Al parecer este mini caballo pasea por donde \u00e9l quiere sin esquivar a los dem\u00e1s animales de su granja, ni siquiera \u00a0a un cerdo de 400 kilos ni a un caballo adulto de 900 kilos.<\/p>\n<p style=\"text-align: justify;\">Hild\u00e9n constata que Micra es un buen ejemplo de como un discapacitado puede manejarse en la vida con decisi\u00f3n y con actitud confiada.<\/p>\n","protected":false},"excerpt":{"rendered":"<p>[youtube]http:\/\/www.youtube.com\/watch?v=bj1Yg5vlKCM[\/youtube] El caballo MICRA que vive en la localidad Finlandesa de Kirkkonummi en Helsinki, es uno de los caballos m\u00e1s peque\u00f1os del mundo. Micra pesa 20 kilos y mide 50 cent\u00edmetros y pertenece a la raza de caballos Falabella. Incluso para su raza, Micra es especialmente peque\u00f1o y naci\u00f3 con una\u00a0deficiencia motriz debida a una [&hellip;]<\/p>\n","protected":false},"author":1,"featured_media":1352,"comment_status":"open","ping_status":"open","sticky":false,"template":"","format":"standard","meta":{"footnotes":""},"categories":[7,8],"tags":[299,300,298,296,297],"class_list":["post-1350","post","type-post","status-publish","format-standard","has-post-thumbnail","hentry","category-actualidad","category-noticias-de-finlandia","tag-caballos-finlandeses","tag-caballos-nordicos","tag-caballos-pequenos","tag-el-caballo-mas-pequeno-del-mundo","tag-mini-caballo"],"_links":{"self":[{"href":"http:\/\/thenordiccountries.com\/es\/wp-json\/wp\/v2\/posts\/1350","targetHints":{"allow":["GET"]}}],"collection":[{"href":"http:\/\/thenordiccountries.com\/es\/wp-json\/wp\/v2\/posts"}],"about":[{"href":"http:\/\/thenordiccountries.com\/es\/wp-json\/wp\/v2\/types\/post"}],"author":[{"embeddable":true,"href":"http:\/\/thenordiccountries.com\/es\/wp-json\/wp\/v2\/users\/1"}],"replies":[{"embeddable":true,"href":"http:\/\/thenordiccountries.com\/es\/wp-json\/wp\/v2\/comments?post=1350"}],"version-history":[{"count":3,"href":"http:\/\/thenordiccountries.com\/es\/wp-json\/wp\/v2\/posts\/1350\/revisions"}],"predecessor-version":[{"id":1354,"href":"http:\/\/thenordiccountries.com\/es\/wp-json\/wp\/v2\/posts\/1350\/revisions\/1354"}],"wp:featuredmedia":[{"embeddable":true,"href":"http:\/\/thenordiccountries.com\/es\/wp-json\/wp\/v2\/media\/1352"}],"wp:attachment":[{"href":"http:\/\/thenordiccountries.com\/es\/wp-json\/wp\/v2\/media?parent=1350"}],"wp:term":[{"taxonomy":"category","embeddable":true,"href":"http:\/\/thenordiccountries.com\/es\/wp-json\/wp\/v2\/categories?post=1350"},{"taxonomy":"post_tag","embeddable":true,"href":"http:\/\/thenordiccountries.com\/es\/wp-json\/wp\/v2\/tags?post=1350"}],"curies":[{"name":"wp","href":"https:\/\/api.w.org\/{rel}","templated":true}]}}