{"id":1477,"date":"2012-09-11T10:38:15","date_gmt":"2012-09-11T10:38:15","guid":{"rendered":"http:\/\/thenordiccountries.com\/es\/?p=1477"},"modified":"2012-09-11T10:38:15","modified_gmt":"2012-09-11T10:38:15","slug":"el-primer-ministro-finlandes-jyrki-katainen-visita-espana-para-hablar-de-la-crisis-con-mariano-rajoy","status":"publish","type":"post","link":"http:\/\/thenordiccountries.com\/es\/el-primer-ministro-finlandes-jyrki-katainen-visita-espana-para-hablar-de-la-crisis-con-mariano-rajoy\/","title":{"rendered":"El Primer Ministro Finland\u00e9s Jyrki Katainen Visita Espa\u00f1a para hablar de la Crisis con Mariano Rajoy"},"content":{"rendered":"<p style=\"text-align: justify;\"><a href=\"http:\/\/thenordiccountries.com\/es\/wp-content\/uploads\/2012\/09\/The-Nordic-Countries-Jyrki-Katainen-y-Mariano-Rajoy.png\"><img loading=\"lazy\" decoding=\"async\" class=\"aligncenter  wp-image-1478\" title=\"The Nordic Countries Jyrki Katainen y Mariano Rajoy\" src=\"http:\/\/thenordiccountries.com\/es\/wp-content\/uploads\/2012\/09\/The-Nordic-Countries-Jyrki-Katainen-y-Mariano-Rajoy.png\" alt=\"\" width=\"460\" height=\"341\" srcset=\"http:\/\/thenordiccountries.com\/es\/wp-content\/uploads\/2012\/09\/The-Nordic-Countries-Jyrki-Katainen-y-Mariano-Rajoy.png 767w, http:\/\/thenordiccountries.com\/es\/wp-content\/uploads\/2012\/09\/The-Nordic-Countries-Jyrki-Katainen-y-Mariano-Rajoy-300x222.png 300w\" sizes=\"auto, (max-width: 460px) 100vw, 460px\" \/><\/a>El presidente del gobierno espa\u00f1ol <strong>Mariano Rajoy<\/strong> se reune hoy con el primer ministro finland\u00e9s <strong>Jyrki Katainen<\/strong> en el Palacio de Moncloa para hablar de los \u00faltimos acontecimientos de la eurocrisis, de la estabilidad de los mercados y del desarrollo de la uni\u00f3n econ\u00f3mica y monetaria europea.<\/p>\n<p style=\"text-align: justify;\">La visita de Katainen coincide justo despu\u00e9s de la decisi\u00f3n por parte del <strong>Banco Central Europeo<\/strong> de comprar deuda de los pa\u00edses con problemas econ\u00f3micos en el mercado secundario en el caso de que \u00e9stos pidan ayuda a sus fondos de rescate temporal o permanente. Esta medida del BCE pretende estabilizar las tasas de inter\u00e9s de los pa\u00edses europeos, pero exige ciertas condiciones a los pa\u00edses que pidan dicho rescate. En su intervenci\u00f3n en Televisi\u00f3n Espa\u00f1ola ayer lunes, Mariano Rajoy anunci\u00f3 que su gobierno aun no estaba preparado para aceptar las condiciones del BCE y que, en todo caso, tendr\u00eda que estudiarlas en m\u00e1s profundidad.<\/p>\n<p style=\"text-align: justify;\">El primer ministro finland\u00e9s Jyrki Katainen ha constatado a su llegada a Madrid que los intereses con los que se enfrenta Espa\u00f1a para sacar a su econom\u00eda de la crisis son <em>&#8220;injustamente altos&#8221;<\/em>, pese a que su gobierno ha sido de los m\u00e1s reticentes de los pa\u00edses europeos para prestar la ayuda econ\u00f3mica necesaria a Espa\u00f1a, o al menos han sido los que m\u00e1s han insistido en las garant\u00edas de los pagos de la deuda.<\/p>\n<p style=\"text-align: justify;\">Jyrki Katainen hablar\u00e1 en su visita a Espa\u00f1a tambi\u00e9n en el evento <em><strong>Nueva Econom\u00eda F\u00f3rum<\/strong><\/em>, adem\u00e1s de participar en un debate sobre la econom\u00eda en la Escuela <strong>IE Business School de Madrid<\/strong>.<\/p>\n<p style=\"text-align: justify;\">\n","protected":false},"excerpt":{"rendered":"<p>El presidente del gobierno espa\u00f1ol Mariano Rajoy se reune hoy con el primer ministro finland\u00e9s Jyrki Katainen en el Palacio de Moncloa para hablar de los \u00faltimos acontecimientos de la eurocrisis, de la estabilidad de los mercados y del desarrollo de la uni\u00f3n econ\u00f3mica y monetaria europea. La visita de Katainen coincide justo despu\u00e9s de [&hellip;]<\/p>\n","protected":false},"author":1,"featured_media":1478,"comment_status":"open","ping_status":"open","sticky":false,"template":"","format":"standard","meta":{"footnotes":""},"categories":[7,15,301,8],"tags":[330,331,333,332],"class_list":["post-1477","post","type-post","status-publish","format-standard","has-post-thumbnail","hentry","category-actualidad","category-economia","category-economia-en-finlandia","category-noticias-de-finlandia","tag-jyrki-katainen","tag-mariano-rajoy","tag-primer-ministro-finlandes","tag-visita-de-katainen-a-espana"],"_links":{"self":[{"href":"http:\/\/thenordiccountries.com\/es\/wp-json\/wp\/v2\/posts\/1477","targetHints":{"allow":["GET"]}}],"collection":[{"href":"http:\/\/thenordiccountries.com\/es\/wp-json\/wp\/v2\/posts"}],"about":[{"href":"http:\/\/thenordiccountries.com\/es\/wp-json\/wp\/v2\/types\/post"}],"author":[{"embeddable":true,"href":"http:\/\/thenordiccountries.com\/es\/wp-json\/wp\/v2\/users\/1"}],"replies":[{"embeddable":true,"href":"http:\/\/thenordiccountries.com\/es\/wp-json\/wp\/v2\/comments?post=1477"}],"version-history":[{"count":2,"href":"http:\/\/thenordiccountries.com\/es\/wp-json\/wp\/v2\/posts\/1477\/revisions"}],"predecessor-version":[{"id":1480,"href":"http:\/\/thenordiccountries.com\/es\/wp-json\/wp\/v2\/posts\/1477\/revisions\/1480"}],"wp:featuredmedia":[{"embeddable":true,"href":"http:\/\/thenordiccountries.com\/es\/wp-json\/wp\/v2\/media\/1478"}],"wp:attachment":[{"href":"http:\/\/thenordiccountries.com\/es\/wp-json\/wp\/v2\/media?parent=1477"}],"wp:term":[{"taxonomy":"category","embeddable":true,"href":"http:\/\/thenordiccountries.com\/es\/wp-json\/wp\/v2\/categories?post=1477"},{"taxonomy":"post_tag","embeddable":true,"href":"http:\/\/thenordiccountries.com\/es\/wp-json\/wp\/v2\/tags?post=1477"}],"curies":[{"name":"wp","href":"https:\/\/api.w.org\/{rel}","templated":true}]}}