{"id":1481,"date":"2012-09-19T16:24:39","date_gmt":"2012-09-19T16:24:39","guid":{"rendered":"http:\/\/thenordiccountries.com\/es\/?p=1481"},"modified":"2012-09-19T16:26:38","modified_gmt":"2012-09-19T16:26:38","slug":"el-cineasta-finlandes-aki-kaurismaki-rodara-su-proxima-pelicula-en-espana","status":"publish","type":"post","link":"http:\/\/thenordiccountries.com\/es\/el-cineasta-finlandes-aki-kaurismaki-rodara-su-proxima-pelicula-en-espana\/","title":{"rendered":"El Cineasta Finland\u00e9s Aki Kaurism\u00e4ki Rodar\u00e1 su Pr\u00f3xima pel\u00edcula en Espa\u00f1a"},"content":{"rendered":"<p style=\"text-align: justify;\"><a href=\"http:\/\/thenordiccountries.com\/es\/wp-content\/uploads\/2012\/09\/The-Nordic-Countries-Aki-Kaurism\u00e4ki.jpg\"><img loading=\"lazy\" decoding=\"async\" class=\"aligncenter size-full wp-image-1483\" title=\"The Nordic Countries Aki Kaurism\u00e4ki\" src=\"http:\/\/thenordiccountries.com\/es\/wp-content\/uploads\/2012\/09\/The-Nordic-Countries-Aki-Kaurism\u00e4ki.jpg\" alt=\"\" width=\"430\" height=\"298\" srcset=\"http:\/\/thenordiccountries.com\/es\/wp-content\/uploads\/2012\/09\/The-Nordic-Countries-Aki-Kaurism\u00e4ki.jpg 430w, http:\/\/thenordiccountries.com\/es\/wp-content\/uploads\/2012\/09\/The-Nordic-Countries-Aki-Kaurism\u00e4ki-300x207.jpg 300w\" sizes=\"auto, (max-width: 430px) 100vw, 430px\" \/><\/a>El director de cine finland\u00e9s <strong>Aki Kaurism\u00e4ki<\/strong> rodar\u00e1 su pr\u00f3xima pel\u00edcula en Espa\u00f1a. Tras el cambio de aires que hizo con su \u00faltimo filme &#8220;Le Havre&#8221; rodado en la Normand\u00eda Francesa, el director que de forma habitual sol\u00eda realizar sus pel\u00edculas en Finlandia, parece haberse embarcado en un viaje de proyectos m\u00e1s internacionales.<\/p>\n<p style=\"text-align: justify;\">Seg\u00fan una entrevista que Kaurism\u00e4ki concedi\u00f3 al director de la Cinemateca Finlandesa Peter Von Bagh, el cineasta se encuentra actualmente planificando la segunda parte de una trilog\u00eda que empez\u00f3 con la cinta &#8220;Le Havre&#8221;, inoficialmente titulada como la <strong>&#8220;Trilog\u00eda de las ciudades portuarias&#8221;<\/strong>. La segunda parte de esta trilog\u00eda se rodar\u00e1 aparentemente en Espa\u00f1a y llevar\u00e1 por t\u00edtulo <em><strong>&#8220;El Barbero de Vigo&#8221;.\u00a0<\/strong><\/em>Bas\u00e1ndonos en la idea de que las trilog\u00edas de Kaurism\u00e4ki suelen respetar la misma tem\u00e1tica, imaginamos que el &#8220;Barbero de Vigo&#8221; girar\u00e1 entorno a la inmigraci\u00f3n, al igual que en &#8220;Le Havre&#8221;. Comentando esta \u00faltima pel\u00edcula suya el director cont\u00f3 que quiso tratar el tema de la inmigraci\u00f3n y busc\u00f3 sugerir el hecho de que &#8220;en el mar Mediterr\u00e1neo hay m\u00e1s documentos de identidad que de peces, ya que un gran n\u00famero de personas tiran sus papeles al mar para no ser deportados de nuevo a su tierra&#8221;.<\/p>\n<p style=\"text-align: justify;\">Esta ser\u00e1 la tercera trilog\u00eda del director, ya que anteriormente hab\u00eda realizado dos; la Trilog\u00eda Obrera con &#8220;<em><strong>Sombras en el Para\u00edso<\/strong><\/em>&#8220;, &#8220;<em><strong>Ariel<\/strong><\/em>&#8221; y <em><strong>&#8220;La Chica de la F\u00e1brica de Cerillas&#8221;<\/strong><\/em> y la Trilog\u00eda de los Marginados con <em><strong>&#8220;Nubes Pasajeros&#8221;, &#8220;El Hombre Sin Pasado&#8221; <\/strong><\/em>y<em><strong> &#8220;Luces al Atardecer&#8221;.<\/strong><\/em><\/p>\n<p style=\"text-align: justify;\">De todas formas, esto de la trilog\u00eda no es para tomarselo demasiado en serio, seg\u00fan el propio Kaurism\u00e4ki, que coment\u00f3 hace unos meses al peri\u00f3dico sueco <strong><em>Dagens Nyheter<\/em><\/strong> que el hecho de anunciar que est\u00e1 haciendo una trilog\u00eda, es un truco por mantener el inter\u00e9s y por obligarse a poner una meta ya que sino no conseguir\u00eda terminar su trabajo debido a que se declara &#8220;lento en sus movimientos&#8221;. A pesar de que el finland\u00e9s se autodenomine vago, tiene a sus espectadores acostumbrados a ver historias trabajadas al detalle que consiguen trasladar al espectador e incitar a la reflexi\u00f3n, algo que s\u00f3lo hace el buen cine.<\/p>\n<p style=\"text-align: justify;\">En cuanto a la tercera parte de esta nueva trilog\u00eda, Kaurism\u00e4ki ha constatado que ser\u00e1 rodada en Alemania y que para realizar la trilog\u00eda completa precisar\u00e1 de un tiempo de diez a\u00f1os tras lo cual, anuncia el cineasta, se jubilar\u00e1.<\/p>\n<p style=\"text-align: justify;\">\n","protected":false},"excerpt":{"rendered":"<p>El director de cine finland\u00e9s Aki Kaurism\u00e4ki rodar\u00e1 su pr\u00f3xima pel\u00edcula en Espa\u00f1a. Tras el cambio de aires que hizo con su \u00faltimo filme &#8220;Le Havre&#8221; rodado en la Normand\u00eda Francesa, el director que de forma habitual sol\u00eda realizar sus pel\u00edculas en Finlandia, parece haberse embarcado en un viaje de proyectos m\u00e1s internacionales. Seg\u00fan una [&hellip;]<\/p>\n","protected":false},"author":1,"featured_media":1483,"comment_status":"open","ping_status":"open","sticky":false,"template":"","format":"standard","meta":{"footnotes":""},"categories":[7,69,58,334,322,57,9,8],"tags":[335,336],"class_list":["post-1481","post","type-post","status-publish","format-standard","has-post-thumbnail","hentry","category-actualidad","category-arte","category-arte-nordico","category-cine-finlandes","category-cine-nordico-arte-nordico","category-cultura-nordica","category-finlandia","category-noticias-de-finlandia","tag-aki-kaurismaki","tag-el-barbero-de-vigo"],"_links":{"self":[{"href":"http:\/\/thenordiccountries.com\/es\/wp-json\/wp\/v2\/posts\/1481","targetHints":{"allow":["GET"]}}],"collection":[{"href":"http:\/\/thenordiccountries.com\/es\/wp-json\/wp\/v2\/posts"}],"about":[{"href":"http:\/\/thenordiccountries.com\/es\/wp-json\/wp\/v2\/types\/post"}],"author":[{"embeddable":true,"href":"http:\/\/thenordiccountries.com\/es\/wp-json\/wp\/v2\/users\/1"}],"replies":[{"embeddable":true,"href":"http:\/\/thenordiccountries.com\/es\/wp-json\/wp\/v2\/comments?post=1481"}],"version-history":[{"count":5,"href":"http:\/\/thenordiccountries.com\/es\/wp-json\/wp\/v2\/posts\/1481\/revisions"}],"predecessor-version":[{"id":1485,"href":"http:\/\/thenordiccountries.com\/es\/wp-json\/wp\/v2\/posts\/1481\/revisions\/1485"}],"wp:featuredmedia":[{"embeddable":true,"href":"http:\/\/thenordiccountries.com\/es\/wp-json\/wp\/v2\/media\/1483"}],"wp:attachment":[{"href":"http:\/\/thenordiccountries.com\/es\/wp-json\/wp\/v2\/media?parent=1481"}],"wp:term":[{"taxonomy":"category","embeddable":true,"href":"http:\/\/thenordiccountries.com\/es\/wp-json\/wp\/v2\/categories?post=1481"},{"taxonomy":"post_tag","embeddable":true,"href":"http:\/\/thenordiccountries.com\/es\/wp-json\/wp\/v2\/tags?post=1481"}],"curies":[{"name":"wp","href":"https:\/\/api.w.org\/{rel}","templated":true}]}}