{"id":1537,"date":"2012-10-21T17:08:50","date_gmt":"2012-10-21T17:08:50","guid":{"rendered":"http:\/\/thenordiccountries.com\/es\/?p=1537"},"modified":"2012-10-21T17:13:36","modified_gmt":"2012-10-21T17:13:36","slug":"el-hipnotista-de-lasse-hallstrom-la-apuesta-de-suecia-para-los-oscar","status":"publish","type":"post","link":"http:\/\/thenordiccountries.com\/es\/el-hipnotista-de-lasse-hallstrom-la-apuesta-de-suecia-para-los-oscar\/","title":{"rendered":"&#8220;El Hipnotista&#8221; de Lasse Hallstr\u00f6m- la Apuesta de Suecia para los Oscar"},"content":{"rendered":"<p style=\"text-align: justify;\"><a href=\"http:\/\/thenordiccountries.com\/es\/wp-content\/uploads\/2012\/10\/The-Nordic-Countries-hypnotisoren.jpg\"><img loading=\"lazy\" decoding=\"async\" class=\"alignleft  wp-image-1538\" title=\"The Nordic Countries hypnotisoren\" src=\"http:\/\/thenordiccountries.com\/es\/wp-content\/uploads\/2012\/10\/The-Nordic-Countries-hypnotisoren-720x1024.jpg\" alt=\"\" width=\"259\" height=\"368\" srcset=\"http:\/\/thenordiccountries.com\/es\/wp-content\/uploads\/2012\/10\/The-Nordic-Countries-hypnotisoren-720x1024.jpg 720w, http:\/\/thenordiccountries.com\/es\/wp-content\/uploads\/2012\/10\/The-Nordic-Countries-hypnotisoren-211x300.jpg 211w, http:\/\/thenordiccountries.com\/es\/wp-content\/uploads\/2012\/10\/The-Nordic-Countries-hypnotisoren.jpg 844w\" sizes=\"auto, (max-width: 259px) 100vw, 259px\" \/><\/a>En el pasado\u00a0 mes de Septiembre se estren\u00f3 en Suecia, coincidiendo con su proyecci\u00f3n en el 60 Festival Internacional de Cine de de San Sebasti\u00e1n, <strong>\u201c<em>El Hipnotista\u201d<\/em><\/strong><em>,<\/em> la \u00faltima pel\u00edcula del director sueco <strong>Lasse Hallstr\u00f6m<\/strong>, basada en la novela best seller de mismo t\u00edtulo del escritor <strong>Lars Kepler<\/strong>, pseud\u00f3nimo de la pareja de escritores <strong>Alexander <\/strong>y<strong> Alexandra Coelho Ahndoril.<\/strong><\/p>\n<p style=\"text-align: justify;\">\u00a0\u201cEl Hipnotista\u201d es el primer proyecto sueco del director desde su filme \u201c<strong><em>Mer om oss barn i Bullerbyn<\/em><\/strong>\u201d en 1987, ya que ha pasado los \u00faltimos 25 a\u00f1os en Estados Unidos trabajando para los grandes estudios de Hollywood, siendo trabajos suyos pel\u00edculas como <strong><em>\u201cLas Normas de la Casa de la Sidra\u201d, \u201cQui\u00e9n ama a Gilbert Grape?\u201d, \u201cChocolate\u201d, \u201cAtando Cabos\u201d, \u201cLa Gran Estafa\u201d <\/em><\/strong>o<strong><em> \u201cLa Pesca de Salm\u00f3n en Yemen\u201d. <\/em><\/strong><\/p>\n<p style=\"text-align: justify;\">\u00a0Este thriller sueco ser\u00e1 la apuesta de Suecia en los Premios Oscar este a\u00f1o.\u00a0 Se dice que la pel\u00edcula es una primera parte de una serie de pel\u00edculas que saldr\u00e1n m\u00e1s adelante. El filme ha sido estrenado aparte de Suecia por el momento en Noruega y en Finlandia, y ser\u00e1 estrenada en Diciembre de este a\u00f1o en Dinamarca y durante la primera mitad del a\u00f1o 2013 en Islandia y Holanda, donde tambi\u00e9n tendr\u00e1 un estreno inoficial en el<strong> Festival Internacional de Leiden<\/strong> este mismo mes de Octubre.<\/p>\n<p style=\"text-align: justify;\">\u00a0\u201cEl Hipnotista\u201d cuenta la historia del misterio en el que se ve involucrado un ni\u00f1o de 15 a\u00f1os, <strong>Josef<\/strong>, cuya familia es brutalmente asesinada en su casa de Estocolmo, siendo los \u00fanicos supervivientes Josef y su hermana <strong>Evelyn<\/strong> que se encontraba fuera de la ciudad cuando ocurri\u00f3 la masacre de su familia. El comisario <strong>Joona Linna<\/strong>, encargado del caso contrata al m\u00e9dico <strong>Erik Mar\u00eda Bark<\/strong> para hipnotizar a Josef tras la noche del crimen para sacar informaci\u00f3n importante, pero el misterio se vuelve doble, cuando unos d\u00edas m\u00e1s tarde secuestran al hijo del hipnotizador Erik Bark, Benjamin. Bark y Linna tratar\u00e1n de encontrar a Benjamin y resolver el caso de asesinato con la ayuda de la mujer de Bark y su suegro, <strong>Kenneth Str\u00e4ng<\/strong>.<\/p>\n<p>\u00a0La pel\u00edcula est\u00e1 protagonizada por los suecos <strong>Mikael Persbrandt<\/strong> (Erik Mar\u00eda Bark) y <strong>Lena Olin<\/strong> (Simone, la mujer de Erik) y el finland\u00e9s <strong>Tobias Zilliacus<\/strong> (comisario Joona Linna), mientras que la adaptaci\u00f3n del gui\u00f3n est\u00e1 firmado\u00a0 por <strong>Paolo Vacirca<\/strong>. La producci\u00f3n corre a cargo de <strong>Svensk Filmindustri<\/strong>, <strong>Sonet Film<\/strong> y <strong>Filmpool Nord<\/strong> con la colaboraci\u00f3n de la <strong>Swedish Lapland Film Commission<\/strong>. La distribuidora encargada del filme en Espa\u00f1a es <strong>Aurum Producciones<\/strong>.<\/p>\n","protected":false},"excerpt":{"rendered":"<p>En el pasado\u00a0 mes de Septiembre se estren\u00f3 en Suecia, coincidiendo con su proyecci\u00f3n en el 60 Festival Internacional de Cine de de San Sebasti\u00e1n, \u201cEl Hipnotista\u201d, la \u00faltima pel\u00edcula del director sueco Lasse Hallstr\u00f6m, basada en la novela best seller de mismo t\u00edtulo del escritor Lars Kepler, pseud\u00f3nimo de la pareja de escritores Alexander [&hellip;]<\/p>\n","protected":false},"author":1,"featured_media":1538,"comment_status":"open","ping_status":"open","sticky":false,"template":"","format":"standard","meta":{"footnotes":""},"categories":[7,58,322,339,57,93],"tags":[353,354,342],"class_list":["post-1537","post","type-post","status-publish","format-standard","has-post-thumbnail","hentry","category-actualidad","category-arte-nordico","category-cine-nordico-arte-nordico","category-cine-sueco","category-cultura-nordica","category-noticias-de-suecia","tag-el-hipnotista","tag-lasse-hallstrom","tag-pelicula-sueca"],"_links":{"self":[{"href":"http:\/\/thenordiccountries.com\/es\/wp-json\/wp\/v2\/posts\/1537","targetHints":{"allow":["GET"]}}],"collection":[{"href":"http:\/\/thenordiccountries.com\/es\/wp-json\/wp\/v2\/posts"}],"about":[{"href":"http:\/\/thenordiccountries.com\/es\/wp-json\/wp\/v2\/types\/post"}],"author":[{"embeddable":true,"href":"http:\/\/thenordiccountries.com\/es\/wp-json\/wp\/v2\/users\/1"}],"replies":[{"embeddable":true,"href":"http:\/\/thenordiccountries.com\/es\/wp-json\/wp\/v2\/comments?post=1537"}],"version-history":[{"count":8,"href":"http:\/\/thenordiccountries.com\/es\/wp-json\/wp\/v2\/posts\/1537\/revisions"}],"predecessor-version":[{"id":1542,"href":"http:\/\/thenordiccountries.com\/es\/wp-json\/wp\/v2\/posts\/1537\/revisions\/1542"}],"wp:featuredmedia":[{"embeddable":true,"href":"http:\/\/thenordiccountries.com\/es\/wp-json\/wp\/v2\/media\/1538"}],"wp:attachment":[{"href":"http:\/\/thenordiccountries.com\/es\/wp-json\/wp\/v2\/media?parent=1537"}],"wp:term":[{"taxonomy":"category","embeddable":true,"href":"http:\/\/thenordiccountries.com\/es\/wp-json\/wp\/v2\/categories?post=1537"},{"taxonomy":"post_tag","embeddable":true,"href":"http:\/\/thenordiccountries.com\/es\/wp-json\/wp\/v2\/tags?post=1537"}],"curies":[{"name":"wp","href":"https:\/\/api.w.org\/{rel}","templated":true}]}}