{"id":1597,"date":"2012-12-06T20:16:21","date_gmt":"2012-12-06T20:16:21","guid":{"rendered":"http:\/\/thenordiccountries.com\/es\/?p=1597"},"modified":"2012-12-07T11:57:02","modified_gmt":"2012-12-07T11:57:02","slug":"finlandia-celebra-el-dia-de-su-independia","status":"publish","type":"post","link":"http:\/\/thenordiccountries.com\/es\/finlandia-celebra-el-dia-de-su-independia\/","title":{"rendered":"Finlandia Celebra el D\u00eda de su Independia"},"content":{"rendered":"<p style=\"text-align: justify;\"><a href=\"http:\/\/thenordiccountries.com\/es\/wp-content\/uploads\/2012\/12\/The-Nordic-Countries-Finlandia-celebra-su-d\u00eda-de-la-Independencia.jpg\"><img loading=\"lazy\" decoding=\"async\" class=\"alignleft  wp-image-1598\" title=\"The Nordic Countries Finlandia celebra su d\u00eda de la Independencia\" src=\"http:\/\/thenordiccountries.com\/es\/wp-content\/uploads\/2012\/12\/The-Nordic-Countries-Finlandia-celebra-su-d\u00eda-de-la-Independencia.jpg\" alt=\"\" width=\"384\" height=\"288\" \/><\/a>Hoy 6 de Diciembre <strong>Finlandia celebra su D\u00eda de la Independencia<\/strong>. Las festividades y actos institucionales han tenido lugar a lo largo del d\u00eda culminando en la tradicional Fiesta de la Independencia celebrada en el palacio presidencial de Helsinki. Es la primera vez que esta celebraci\u00f3n se ve presidida por el recientemente elegido Presidente <strong>Sauli Niinist\u00f6<\/strong>.<\/p>\n<p style=\"text-align: justify;\">La tradici\u00f3n de la celebraci\u00f3n finlandesa de hoy se remonta hasta hace 95 a\u00f1os; Finlandia se independiz\u00f3 en el a\u00f1o 1917 despu\u00e9s de la primera Revoluci\u00f3n Rusa, siendo los Bolcheviques los que reconocieron su independencia, tras haber sido, durante m\u00e1s de 100 a\u00f1os, una autonom\u00eda de la Rusia del r\u00e9gimen zarista.<\/p>\n","protected":false},"excerpt":{"rendered":"<p>Hoy 6 de Diciembre Finlandia celebra su D\u00eda de la Independencia. Las festividades y actos institucionales han tenido lugar a lo largo del d\u00eda culminando en la tradicional Fiesta de la Independencia celebrada en el palacio presidencial de Helsinki. Es la primera vez que esta celebraci\u00f3n se ve presidida por el recientemente elegido Presidente Sauli [&hellip;]<\/p>\n","protected":false},"author":1,"featured_media":1601,"comment_status":"open","ping_status":"open","sticky":false,"template":"","format":"standard","meta":{"footnotes":""},"categories":[7,8],"tags":[],"class_list":["post-1597","post","type-post","status-publish","format-standard","has-post-thumbnail","hentry","category-actualidad","category-noticias-de-finlandia"],"_links":{"self":[{"href":"http:\/\/thenordiccountries.com\/es\/wp-json\/wp\/v2\/posts\/1597","targetHints":{"allow":["GET"]}}],"collection":[{"href":"http:\/\/thenordiccountries.com\/es\/wp-json\/wp\/v2\/posts"}],"about":[{"href":"http:\/\/thenordiccountries.com\/es\/wp-json\/wp\/v2\/types\/post"}],"author":[{"embeddable":true,"href":"http:\/\/thenordiccountries.com\/es\/wp-json\/wp\/v2\/users\/1"}],"replies":[{"embeddable":true,"href":"http:\/\/thenordiccountries.com\/es\/wp-json\/wp\/v2\/comments?post=1597"}],"version-history":[{"count":3,"href":"http:\/\/thenordiccountries.com\/es\/wp-json\/wp\/v2\/posts\/1597\/revisions"}],"predecessor-version":[{"id":1600,"href":"http:\/\/thenordiccountries.com\/es\/wp-json\/wp\/v2\/posts\/1597\/revisions\/1600"}],"wp:featuredmedia":[{"embeddable":true,"href":"http:\/\/thenordiccountries.com\/es\/wp-json\/wp\/v2\/media\/1601"}],"wp:attachment":[{"href":"http:\/\/thenordiccountries.com\/es\/wp-json\/wp\/v2\/media?parent=1597"}],"wp:term":[{"taxonomy":"category","embeddable":true,"href":"http:\/\/thenordiccountries.com\/es\/wp-json\/wp\/v2\/categories?post=1597"},{"taxonomy":"post_tag","embeddable":true,"href":"http:\/\/thenordiccountries.com\/es\/wp-json\/wp\/v2\/tags?post=1597"}],"curies":[{"name":"wp","href":"https:\/\/api.w.org\/{rel}","templated":true}]}}