{"id":167,"date":"2012-01-24T20:04:29","date_gmt":"2012-01-24T20:04:29","guid":{"rendered":"http:\/\/thenordiccountries.com\/es\/?p=167"},"modified":"2012-01-25T11:43:51","modified_gmt":"2012-01-25T11:43:51","slug":"nace-la-hija-del-principe-joaquin-y-la-princesa-marie-de-dinamarca","status":"publish","type":"post","link":"http:\/\/thenordiccountries.com\/es\/nace-la-hija-del-principe-joaquin-y-la-princesa-marie-de-dinamarca\/","title":{"rendered":"Nace la hija del Pr\u00edncipe Joaqu\u00edn y la Princesa Marie de Dinamarca"},"content":{"rendered":"<div id=\"attachment_168\" style=\"width: 480px\" class=\"wp-caption aligncenter\"><a href=\"http:\/\/thenordiccountries.com\/es\/wp-content\/uploads\/2012\/01\/TheNordiccountries.com-Nacimiento-en-la-familia-real-danesa.jpg\"><img loading=\"lazy\" decoding=\"async\" aria-describedby=\"caption-attachment-168\" class=\"size-full wp-image-168\" title=\"TheNordiccountries.com Nacimiento en la familia real danesa\" src=\"http:\/\/thenordiccountries.com\/es\/wp-content\/uploads\/2012\/01\/TheNordiccountries.com-Nacimiento-en-la-familia-real-danesa.jpg\" alt=\"\" width=\"470\" height=\"206\" srcset=\"http:\/\/thenordiccountries.com\/es\/wp-content\/uploads\/2012\/01\/TheNordiccountries.com-Nacimiento-en-la-familia-real-danesa.jpg 470w, http:\/\/thenordiccountries.com\/es\/wp-content\/uploads\/2012\/01\/TheNordiccountries.com-Nacimiento-en-la-familia-real-danesa-300x131.jpg 300w\" sizes=\"auto, (max-width: 470px) 100vw, 470px\" \/><\/a><p id=\"caption-attachment-168\" class=\"wp-caption-text\">El pr\u00edncipe Joaqu\u00edn y la Princesa Marie con sus hijos<\/p><\/div>\n<p style=\"text-align: justify;\">Muy pronto esta ma\u00f1ana, el 24 de Enero, naci\u00f3 la hija del pr\u00edncipe Joaqu\u00edn de Dinamarca y de la princesa Marie de dinamarca. Se trata del nacimiento del cuarto hijo del pr\u00edncipe y del segundo de la princesa, ya que Joaqu\u00edn tiene dos hijos de su anterior matrimonio. El nuevo nacimiento significa la octava nieto para de la Reina Danesa.<\/p>\n<p style=\"text-align: justify;\">La ni\u00f1a naci\u00f3 en el Hospital Rigshospitalet de Copenhague a las 8:27 este martes por la ma\u00f1ana. Ambos, la madre y la ni\u00f1a, se encuentran bien.<\/p>\n<p style=\"text-align: justify;\">\n<p>&nbsp;<\/p>\n","protected":false},"excerpt":{"rendered":"<p>Muy pronto esta ma\u00f1ana, el 24 de Enero, naci\u00f3 la hija del pr\u00edncipe Joaqu\u00edn de Dinamarca y de la princesa Marie de dinamarca. Se trata del nacimiento del cuarto hijo del pr\u00edncipe y del segundo de la princesa, ya que Joaqu\u00edn tiene dos hijos de su anterior matrimonio. El nuevo nacimiento significa la octava nieto [&hellip;]<\/p>\n","protected":false},"author":1,"featured_media":168,"comment_status":"open","ping_status":"open","sticky":false,"template":"","format":"standard","meta":{"footnotes":""},"categories":[7,10],"tags":[11,12,13,14],"class_list":["post-167","post","type-post","status-publish","format-standard","has-post-thumbnail","hentry","category-actualidad","category-noticias-de-dinamarca","tag-dinamarca","tag-familia-real","tag-nacimiento","tag-principe-joaquin-de-dinamarca"],"_links":{"self":[{"href":"http:\/\/thenordiccountries.com\/es\/wp-json\/wp\/v2\/posts\/167","targetHints":{"allow":["GET"]}}],"collection":[{"href":"http:\/\/thenordiccountries.com\/es\/wp-json\/wp\/v2\/posts"}],"about":[{"href":"http:\/\/thenordiccountries.com\/es\/wp-json\/wp\/v2\/types\/post"}],"author":[{"embeddable":true,"href":"http:\/\/thenordiccountries.com\/es\/wp-json\/wp\/v2\/users\/1"}],"replies":[{"embeddable":true,"href":"http:\/\/thenordiccountries.com\/es\/wp-json\/wp\/v2\/comments?post=167"}],"version-history":[{"count":4,"href":"http:\/\/thenordiccountries.com\/es\/wp-json\/wp\/v2\/posts\/167\/revisions"}],"predecessor-version":[{"id":171,"href":"http:\/\/thenordiccountries.com\/es\/wp-json\/wp\/v2\/posts\/167\/revisions\/171"}],"wp:featuredmedia":[{"embeddable":true,"href":"http:\/\/thenordiccountries.com\/es\/wp-json\/wp\/v2\/media\/168"}],"wp:attachment":[{"href":"http:\/\/thenordiccountries.com\/es\/wp-json\/wp\/v2\/media?parent=167"}],"wp:term":[{"taxonomy":"category","embeddable":true,"href":"http:\/\/thenordiccountries.com\/es\/wp-json\/wp\/v2\/categories?post=167"},{"taxonomy":"post_tag","embeddable":true,"href":"http:\/\/thenordiccountries.com\/es\/wp-json\/wp\/v2\/tags?post=167"}],"curies":[{"name":"wp","href":"https:\/\/api.w.org\/{rel}","templated":true}]}}