{"id":1697,"date":"2012-12-08T17:38:20","date_gmt":"2012-12-08T17:38:20","guid":{"rendered":"http:\/\/thenordiccountries.com\/es\/?p=1697"},"modified":"2012-12-18T13:09:34","modified_gmt":"2012-12-18T13:09:34","slug":"nordic-film-festival-se-celebro-esta-semana-en-londres","status":"publish","type":"post","link":"http:\/\/thenordiccountries.com\/es\/nordic-film-festival-se-celebro-esta-semana-en-londres\/","title":{"rendered":"Nordic Film Festival se Celebr\u00f3 Esta Semana en Londres"},"content":{"rendered":"<p style=\"text-align: justify;\"><a href=\"http:\/\/thenordiccountries.com\/es\/wp-content\/uploads\/2012\/12\/The-Nordic-Countries-NORDIC-FILM-FESTIVAL-LONDRES.jpg\"><img loading=\"lazy\" decoding=\"async\" class=\"aligncenter  wp-image-1698\" title=\"The Nordic Countries NORDIC FILM FESTIVAL LONDRES\" src=\"http:\/\/thenordiccountries.com\/es\/wp-content\/uploads\/2012\/12\/The-Nordic-Countries-NORDIC-FILM-FESTIVAL-LONDRES.jpg\" alt=\"\" width=\"452\" height=\"243\" srcset=\"http:\/\/thenordiccountries.com\/es\/wp-content\/uploads\/2012\/12\/The-Nordic-Countries-NORDIC-FILM-FESTIVAL-LONDRES.jpg 565w, http:\/\/thenordiccountries.com\/es\/wp-content\/uploads\/2012\/12\/The-Nordic-Countries-NORDIC-FILM-FESTIVAL-LONDRES-300x161.jpg 300w\" sizes=\"auto, (max-width: 452px) 100vw, 452px\" \/><\/a>Esta semana, del 30 de Noviembre hasta el 5 de Diciembre se celebr\u00f3 en Londres la primera edici\u00f3n de <strong>Nordic Film Festival<\/strong>, un festival independiente enfocado en el cine n\u00f3rdico patrocinado por la compa\u00f1\u00eda de producci\u00f3n <strong><em>Day For Night.<\/em><\/strong><\/p>\n<p style=\"text-align: justify;\">Este festival nuevo es una iniciativa \u00fanica en cuanto a crear un festival cinematogr\u00e1fico de los pa\u00edses n\u00f3rdicos en el Reino Unido, con la intenci\u00f3n de exhibir y distribuir pel\u00edculas de Dinamarca, Suecia, Finlandia Noruega e Islandia, incluyendo tanto filmes actuales como pel\u00edculas n\u00f3rdicas del pasado.<\/p>\n<p style=\"text-align: justify;\">Nordic Film Festival se llev\u00f3 a cabo en tres salas de cine londinenses; <strong>Riverside Studios, Cin\u00e9 Lumi\u00e8re y Prince Charles Cinema<\/strong>, siendo la iniciativa promocionada por <strong>Nordisk Film &amp; TV Fond, La Embajada de Dinamarca en Londres, La Real Embajada de Noruega en Londres, La Embajada de Suecia en Londres, El Instituto del Cine Dan\u00e9s (Danish Film Institute), El Instituto del Cine Sueco ( Swedish Film Institute), la Fundaci\u00f3n del Cine Finland\u00e9s (Finnish Film Foundation- Suomen Elokuvas\u00e4\u00e4ti\u00f6)<\/strong>, las marcas <strong>Tuborg, Cooper &amp; Wolf, MUBI, Skandium<\/strong> y <strong>Aesthetica<\/strong>.<strong><\/strong><\/p>\n<p style=\"text-align: justify;\">Las pel\u00edculas exhibidas en esta primera edici\u00f3n del festival fueron:<\/p>\n<p style=\"text-align: justify;\"><strong>LOVE IS ALL YOU NEED \u2028<\/strong>(Den skaldede fris\u00f8r)\u2028de Susanne Bier, Dinamarca 2012<\/p>\n<p style=\"text-align: justify;\"><strong>FESTEN\u2028<\/strong>de Thomas Vinterberg, \u00a0Dinamarca \/Suecia 1998<\/p>\n<p style=\"text-align: justify;\"><strong>HELSINKI, FOREVER\u2028<\/strong>(Helsinki, ikuisesti)\u2028de Peter von Bagh, \u00a0Finlandia 2008<\/p>\n<p style=\"text-align: justify;\"><strong>BEYOND\u2028<\/strong>(Svinal\u00e4ngorna)\u2028de Pernilla August I, \u00a0Suecia \/Finlandia 2010<\/p>\n<p style=\"text-align: justify;\"><strong>TROLL HUNTER<\/strong>\u2028(Trolljegeren)\u2028de Andr\u00e9 \u00d8vredal, \u00a0Noruega 2010<\/p>\n<p style=\"text-align: justify;\"><strong>JAR CITY<\/strong>\u2028(M\u00fdrin)\u2028de Baltasar Kormakur I, \u00a0Islandia\/Alemania\/Dinamarca 2006<\/p>\n<p style=\"text-align: justify;\"><strong>OSLO, AUGUST 31ST\u2028 <\/strong>de<strong> <\/strong>Joachim Trier I, \u00a0Noruega 2011<\/p>\n<p style=\"text-align: justify;\"><strong>OLAFUR ELIASSON: SPACE IS PROCESS \u2028<\/strong>de<strong> <\/strong>Jacob J\u00f8rgensen\/Henrik Lund\u00f8 I, \u00a0Dinamarca 2010<\/p>\n<p style=\"text-align: justify;\"><strong>BABETTE&#8217;S FEAST <\/strong>\u2028(Babettes g\u00e6stebud)\u2028de GabrielAxel, Dinamarca 1987<\/p>\n<p style=\"text-align: justify;\"><strong>THE PUNK SYNDROME<\/strong> \u2028(Kovasikajuttu)\u2028de Jukka K\u00e4rkk\u00e4inen\/Jani-PetteriPassi, Finlandia 2012<\/p>\n<p style=\"text-align: justify;\"><strong>PURE<\/strong>\u2028(Till det som \u00e4r vackert)\u2028de Lisa Langseth, Suecia 2010<\/p>\n<p style=\"text-align: justify;\">Esperamos que esta iniciativa haga crecer el festival a\u00f1o tras a\u00f1o, hasta convertirse en una de las m\u00e1s importantes citas anuales del cine n\u00f3rdico.<\/p>\n<p>ART\u00cdCULOS RELACIONADOS:<\/p>\n<ul>\n<li><span style=\"text-decoration: underline; color: #0000ff;\"><strong><a title=\"Emilia Uutinen\" href=\"http:\/\/thenordiccountries.com\/es\/actrices-nordicas-emilia-uutinen\/\" target=\"_blank\"><span style=\"color: #0000ff; text-decoration: underline;\">Actrices N\u00f3rdicas: Emilia Uutinen<\/span><\/a><\/strong><\/span><\/li>\n<li><span style=\"text-decoration: underline; color: #0000ff;\"><strong><a title=\"Pernilla August\" href=\"http:\/\/thenordiccountries.com\/es\/actrices-nordicas-pernilla-august\/\" target=\"_blank\"><span style=\"color: #0000ff; text-decoration: underline;\">Actrices N\u00f3rdicas: Pernilla Aug<\/span><\/a>ust<\/strong><\/span><\/li>\n<li><span style=\"text-decoration: underline; color: #0000ff;\"><strong><a title=\"El Hipnotista\" href=\"http:\/\/thenordiccountries.com\/es\/el-hipnotista-de-lasse-hallstrom-la-apuesta-de-suecia-para-los-oscar\/\" target=\"_blank\"><span style=\"color: #0000ff; text-decoration: underline;\">\u201cEl Hipnotista\u201d de Lasse Hallstr\u00f6m<\/span><\/a><\/strong><\/span><\/li>\n<\/ul>\n<p style=\"text-align: justify;\">\n","protected":false},"excerpt":{"rendered":"<p>Esta semana, del 30 de Noviembre hasta el 5 de Diciembre se celebr\u00f3 en Londres la primera edici\u00f3n de Nordic Film Festival, un festival independiente enfocado en el cine n\u00f3rdico patrocinado por la compa\u00f1\u00eda de producci\u00f3n Day For Night. Este festival nuevo es una iniciativa \u00fanica en cuanto a crear un festival cinematogr\u00e1fico de los [&hellip;]<\/p>\n","protected":false},"author":1,"featured_media":1698,"comment_status":"open","ping_status":"open","sticky":false,"template":"","format":"standard","meta":{"footnotes":""},"categories":[7,69,380,334,381,322,323,339],"tags":[389,387,388],"class_list":["post-1697","post","type-post","status-publish","format-standard","has-post-thumbnail","hentry","category-actualidad","category-arte","category-cine-danes","category-cine-finlandes","category-cine-islandes","category-cine-nordico-arte-nordico","category-cine-noruego","category-cine-sueco","tag-festival-de-cine-escandinavo","tag-festival-de-cine-nordico-de-londres","tag-peliculas-nordicas"],"_links":{"self":[{"href":"http:\/\/thenordiccountries.com\/es\/wp-json\/wp\/v2\/posts\/1697","targetHints":{"allow":["GET"]}}],"collection":[{"href":"http:\/\/thenordiccountries.com\/es\/wp-json\/wp\/v2\/posts"}],"about":[{"href":"http:\/\/thenordiccountries.com\/es\/wp-json\/wp\/v2\/types\/post"}],"author":[{"embeddable":true,"href":"http:\/\/thenordiccountries.com\/es\/wp-json\/wp\/v2\/users\/1"}],"replies":[{"embeddable":true,"href":"http:\/\/thenordiccountries.com\/es\/wp-json\/wp\/v2\/comments?post=1697"}],"version-history":[{"count":6,"href":"http:\/\/thenordiccountries.com\/es\/wp-json\/wp\/v2\/posts\/1697\/revisions"}],"predecessor-version":[{"id":1741,"href":"http:\/\/thenordiccountries.com\/es\/wp-json\/wp\/v2\/posts\/1697\/revisions\/1741"}],"wp:featuredmedia":[{"embeddable":true,"href":"http:\/\/thenordiccountries.com\/es\/wp-json\/wp\/v2\/media\/1698"}],"wp:attachment":[{"href":"http:\/\/thenordiccountries.com\/es\/wp-json\/wp\/v2\/media?parent=1697"}],"wp:term":[{"taxonomy":"category","embeddable":true,"href":"http:\/\/thenordiccountries.com\/es\/wp-json\/wp\/v2\/categories?post=1697"},{"taxonomy":"post_tag","embeddable":true,"href":"http:\/\/thenordiccountries.com\/es\/wp-json\/wp\/v2\/tags?post=1697"}],"curies":[{"name":"wp","href":"https:\/\/api.w.org\/{rel}","templated":true}]}}