{"id":1718,"date":"2012-12-14T13:26:40","date_gmt":"2012-12-14T13:26:40","guid":{"rendered":"http:\/\/thenordiccountries.com\/es\/?p=1718"},"modified":"2012-12-14T14:00:44","modified_gmt":"2012-12-14T14:00:44","slug":"se-ha-descubierto-un-cuento-desconocido-de-hans-christian-andersen","status":"publish","type":"post","link":"http:\/\/thenordiccountries.com\/es\/se-ha-descubierto-un-cuento-desconocido-de-hans-christian-andersen\/","title":{"rendered":"Se ha Descubierto un Cuento Desconocido de Hans Christian Andersen"},"content":{"rendered":"<p style=\"text-align: justify;\"><a href=\"http:\/\/thenordiccountries.com\/es\/wp-content\/uploads\/2012\/12\/The-Nordic-Countries-Hans-Christian-El-nuevo-cuento-de-Andersen.jpg\"><img loading=\"lazy\" decoding=\"async\" class=\"alignleft  wp-image-1719\" title=\"The Nordic Countries El nuevo cuento de Hans Christian Andersen\" src=\"http:\/\/thenordiccountries.com\/es\/wp-content\/uploads\/2012\/12\/The-Nordic-Countries-Hans-Christian-El-nuevo-cuento-de-Andersen.jpg\" alt=\"\" width=\"249\" height=\"359\" \/><\/a><\/p>\n<p style=\"text-align: justify;\">El retirado historiador dan\u00e9s <strong>Esben<\/strong><strong> Brage<\/strong> dice que ha descubierto, seg\u00fan \u00e9l cree , un cuento de hadas hasta ahora desconocido escrito por <strong>Hans Christian Andersen<\/strong>.<\/p>\n<p>El historiador comunic\u00f3 el jueves que encontr\u00f3 el texto de seis p\u00e1ginas a principios de octubre mientras realizaba una b\u00fasqueda en el <strong>Archivo Nacional Dan\u00e9s<\/strong> registrando cajas que hab\u00edan pertenecido a familias adineradas de la ciudad de Odense en el centro de Dinamarca, la ciudad natal del escritor H.C. Andersen.<\/p>\n<p style=\"text-align: justify;\">Brage cuenta que, ante tan excepcional descubrimiento, entr\u00f3 en \u00e9xtasis y se puso inmediatamente en contacto con el conservador del patrimonio de la biblioteca. \u201cNunca me hubiera imaginado esto.&#8221;, dijo el Sr. Brage.<\/p>\n<p>La historia escrita a mano, titulada \u201c<em><strong>Vela de Sebo\u201d<\/strong><\/em>, y dedicada a la viuda de un vicario nombrado Bunkeflod que hab\u00eda vivido al otro lado de la casa de Andersen, se hab\u00eda quedado aparentemente escondida en la parte inferior de una de las cajas de 15 kilos de peso que se encontraban n el Archivo Nacional.<\/p>\n<p>El cuento narra la historia de c\u00f3mo una vela de sebo que no encuentra su lugar en el mundo. La vela busca la ayuda de una caja de yesca para ser capaz de encenderse, y finalmente, cuando consigue encenderse, su belleza interior queda al descubierto.<\/p>\n<p>El conservador principal del Museo Hans Christian Andersen en Odense, <strong>Stig Ejnar Askgaard<\/strong>, \u00a0dijo que el trabajo es probablemente uno de los primeros, escrito por el autor siete a\u00f1os antes de su debut oficial en 1830.<\/p>\n<p>&#8220;A menudo recibo llamadas acerca de cosas que creen que ha sido la mano de Andersen. La mayor\u00eda de las veces, no lo es. Esta vez yo estaba muy emocionado. \u00a0&#8220;, dijo Stig Ejnar Askgaard. &#8220;Este es un intento muy temprano en prosa de Andersen que entonces ten\u00eda 18 a\u00f1os. Es un descubrimiento sensacional. Primero porque debi\u00f3 de ser el primer cuento de Andersen, y segundo, porque podemos ver que \u00e9l control\u00f3 el g\u00e9nero del cuento en una edad muy temprana, antes de comenzar su carrera de escritor&#8221;.<\/p>\n<p>Sr. Askgaard cuenta que Andersen conoc\u00eda muy bien a la viuda de Bunkeflod y la visitaba con regularidad, ley\u00e9ndole y pidiendole libros de pr\u00e9stamo, incluso despu\u00e9s de que se trasladara a Copenhague para estudiar a la universidad.<\/p>\n<p>&#8220;El texto no est\u00e1 al nivel de los cuentos de hadas m\u00e1s maduras que conocemos de la obra m\u00e1s tard\u00eda de Andersen,&#8221; dijo el Sr. Askgaard. &#8220;No tengo dudas &#8230; esto ha sido escrito por Andersen.&#8221;<\/p>\n<p>Hijo de una mujer de la limpieza y un zapatero en 1805, el Hans Christian Andersen escribi\u00f3 cerca de 160 cuentos de hadas en su vida, incluyendo cl\u00e1sicos como El patito feo y La sirenita. Tambi\u00e9n ha escrito decenas de novelas, poemas y diarios de viaje.<\/p>\n","protected":false},"excerpt":{"rendered":"<p>El retirado historiador dan\u00e9s Esben Brage dice que ha descubierto, seg\u00fan \u00e9l cree , un cuento de hadas hasta ahora desconocido escrito por Hans Christian Andersen. El historiador comunic\u00f3 el jueves que encontr\u00f3 el texto de seis p\u00e1ginas a principios de octubre mientras realizaba una b\u00fasqueda en el Archivo Nacional Dan\u00e9s registrando cajas que hab\u00edan [&hellip;]<\/p>\n","protected":false},"author":1,"featured_media":1719,"comment_status":"open","ping_status":"open","sticky":false,"template":"","format":"standard","meta":{"footnotes":""},"categories":[7,392,210,10],"tags":[397,395,398,396,393,394],"class_list":["post-1718","post","type-post","status-publish","format-standard","has-post-thumbnail","hentry","category-actualidad","category-literatura-danesa","category-literatura-nordica-arte-nordico","category-noticias-de-dinamarca","tag-cuento-danes","tag-cuento-desconocido-de-andersen","tag-escritor-danes","tag-hans-christian-andersen","tag-nuevo-cuento-de-andresen","tag-vela-de-sebo"],"_links":{"self":[{"href":"http:\/\/thenordiccountries.com\/es\/wp-json\/wp\/v2\/posts\/1718","targetHints":{"allow":["GET"]}}],"collection":[{"href":"http:\/\/thenordiccountries.com\/es\/wp-json\/wp\/v2\/posts"}],"about":[{"href":"http:\/\/thenordiccountries.com\/es\/wp-json\/wp\/v2\/types\/post"}],"author":[{"embeddable":true,"href":"http:\/\/thenordiccountries.com\/es\/wp-json\/wp\/v2\/users\/1"}],"replies":[{"embeddable":true,"href":"http:\/\/thenordiccountries.com\/es\/wp-json\/wp\/v2\/comments?post=1718"}],"version-history":[{"count":3,"href":"http:\/\/thenordiccountries.com\/es\/wp-json\/wp\/v2\/posts\/1718\/revisions"}],"predecessor-version":[{"id":1721,"href":"http:\/\/thenordiccountries.com\/es\/wp-json\/wp\/v2\/posts\/1718\/revisions\/1721"}],"wp:featuredmedia":[{"embeddable":true,"href":"http:\/\/thenordiccountries.com\/es\/wp-json\/wp\/v2\/media\/1719"}],"wp:attachment":[{"href":"http:\/\/thenordiccountries.com\/es\/wp-json\/wp\/v2\/media?parent=1718"}],"wp:term":[{"taxonomy":"category","embeddable":true,"href":"http:\/\/thenordiccountries.com\/es\/wp-json\/wp\/v2\/categories?post=1718"},{"taxonomy":"post_tag","embeddable":true,"href":"http:\/\/thenordiccountries.com\/es\/wp-json\/wp\/v2\/tags?post=1718"}],"curies":[{"name":"wp","href":"https:\/\/api.w.org\/{rel}","templated":true}]}}