{"id":1730,"date":"2012-12-18T12:56:43","date_gmt":"2012-12-18T12:56:43","guid":{"rendered":"http:\/\/thenordiccountries.com\/es\/?p=1730"},"modified":"2012-12-18T15:52:14","modified_gmt":"2012-12-18T15:52:14","slug":"kon-tiki-la-pelicula-que-representara-a-noruega-para-los-premios-oscar","status":"publish","type":"post","link":"http:\/\/thenordiccountries.com\/es\/kon-tiki-la-pelicula-que-representara-a-noruega-para-los-premios-oscar\/","title":{"rendered":"\u201cKon-tiki\u201d la Pel\u00edcula que Representar\u00e1 a Noruega para los Premios Oscar"},"content":{"rendered":"<p style=\"text-align: justify;\"><a href=\"http:\/\/thenordiccountries.com\/es\/wp-content\/uploads\/2012\/12\/The-Nordic-Countries-KonTiki.jpg\"><img loading=\"lazy\" decoding=\"async\" class=\"alignleft  wp-image-1731\" title=\"The Nordic Countries KonTiki\" src=\"http:\/\/thenordiccountries.com\/es\/wp-content\/uploads\/2012\/12\/The-Nordic-Countries-KonTiki.jpg\" alt=\"\" width=\"249\" height=\"342\" srcset=\"http:\/\/thenordiccountries.com\/es\/wp-content\/uploads\/2012\/12\/The-Nordic-Countries-KonTiki.jpg 346w, http:\/\/thenordiccountries.com\/es\/wp-content\/uploads\/2012\/12\/The-Nordic-Countries-KonTiki-218x300.jpg 218w\" sizes=\"auto, (max-width: 249px) 100vw, 249px\" \/><\/a>La pel\u00edcula seleccionada por la Academia del Cine Noruego para presentar a los Premios Oscar se llama <strong><em>\u201cKon-Tiki<\/em><\/strong>\u201d, dirigida por Joachim R\u00f8nning y <strong>Espen Sandberg<\/strong>. La pel\u00edcula retrata la famosa expedici\u00f3n del explorador y escritor noruego <strong>Thor Heyerdahl<\/strong> cruzando el Oc\u00e9ano Pac\u00edfico a las islas de Polinesia con su balsa <em>Kon- Tiki<\/em> en <strong>1947.<\/strong><\/p>\n<p style=\"text-align: justify;\">La pel\u00edcula, guionizada por <strong>Petter Skavlan<\/strong> y <strong>Allan Scott<\/strong>, es una versi\u00f3n dramatizada del viaje de Heyerdahl que quiso demostrar su creencia en que Polinesia podr\u00eda haber sido colonizada en la \u00e9poca precolombina por tribus de Sudam\u00e9rica, contruyendo una balsa con t\u00e9cnicas precolombinas cruzando con ella el oc\u00e9ano con la tripulaci\u00f3n de cinco hombres.<\/p>\n<p style=\"text-align: justify;\">La pel\u00edcula se rod\u00f3 en localizaciones de Noruega, Polinesia, Estados Unidos, Malta, Peru y el Oc\u00e9ano Pac\u00edfico siendo su presupuesto unos 15,5 millones de d\u00f3lares. Cuenta en su reparto con actores noruegos como <strong>P\u00e5l Sverre Valheim Hagen, Anders Baasmo Christiansen, \u00a0Gustaf Skarsg\u00e5rd, Odd-Magnus Williamson o Tobias Santelmann<\/strong><strong> <\/strong><\/p>\n<p style=\"text-align: justify;\"><a href=\"http:\/\/thenordiccountries.com\/es\/wp-content\/uploads\/2012\/12\/The-Nordic-Countries-Joachim-Ronning-y-Espen-Sandberg.jpg\"><img loading=\"lazy\" decoding=\"async\" class=\"alignright size-medium wp-image-1732\" title=\"The Nordic Countries Joachim Ronning y Espen Sandberg\" src=\"http:\/\/thenordiccountries.com\/es\/wp-content\/uploads\/2012\/12\/The-Nordic-Countries-Joachim-Ronning-y-Espen-Sandberg-300x200.jpg\" alt=\"\" width=\"300\" height=\"200\" srcset=\"http:\/\/thenordiccountries.com\/es\/wp-content\/uploads\/2012\/12\/The-Nordic-Countries-Joachim-Ronning-y-Espen-Sandberg-300x200.jpg 300w, http:\/\/thenordiccountries.com\/es\/wp-content\/uploads\/2012\/12\/The-Nordic-Countries-Joachim-Ronning-y-Espen-Sandberg-1024x682.jpg 1024w\" sizes=\"auto, (max-width: 300px) 100vw, 300px\" \/><\/a>Sus directores, Joachim R\u00f8nning y Espen Sandberg est\u00e1n detr\u00e1s de otras exitosas pel\u00edculas como \u201c<strong><em>Max Manus<\/em><\/strong>\u201d o la producci\u00f3n internacionl \u201c<strong><em>Bandidas<\/em><\/strong>\u201d protagonizada por <strong>Salma Hayek<\/strong> y <strong>Pen\u00e9lope Cruz<\/strong> y producida y co-escrita por el cineasta franc\u00e9s <strong>Luc Besson<\/strong>.<\/p>\n<p style=\"text-align: justify;\">R\u00f8nning y Sandberg son co-propietarios de una de las productoras de publicidad m\u00e1s grandes de toda Escandinavia <strong><em>Motion Blur<\/em><\/strong>, y, seg\u00fan fuentes que revelan informaci\u00f3n sobre los nuevos proyectos del cine europeo, los directores se encuentran\u00a0 preparando una gran historia \u00e9pica de la edad Vikinga.<\/p>\n<p style=\"text-align: justify;\">Deseamos a Kon-tiki mucha suerte en la carrera hacia los Oscar, sabiendo que la pel\u00edcula ya fue <strong>nominada en la secci\u00f3n de Mejor Pel\u00edcula Extranjera en la 70\u00aa edici\u00f3n de los Globos de Oro<\/strong> que tendr\u00e1 lugar en Los Angeles el pr\u00f3ximo 13 de Enero 2013.<\/p>\n<p style=\"text-align: justify;\">ART\u00cdCULOS RELACIONADOS:<\/p>\n<ul>\n<li><span style=\"text-decoration: underline; color: #0000ff;\"><strong><a title=\"Emilia Uutinen\" href=\"http:\/\/thenordiccountries.com\/es\/actrices-nordicas-emilia-uutinen\/\" target=\"_blank\"><span style=\"color: #0000ff; text-decoration: underline;\">Actrices N\u00f3rdicas: Emilia Uutinen<\/span><\/a><\/strong><\/span><\/li>\n<li><span style=\"text-decoration: underline; color: #0000ff;\"><strong><a href=\"http:\/\/thenordiccountries.com\/es\/actores-nordicos-aksel-hennie\/\"><span style=\"color: #0000ff; text-decoration: underline;\">Actores N\u00f3rdicos: Aksel Hennie<\/span><\/a><\/strong><\/span><\/li>\n<li><span style=\"text-decoration: underline; color: #0000ff;\"><strong><a title=\"El Hipnotista\" href=\"http:\/\/thenordiccountries.com\/es\/el-hipnotista-de-lasse-hallstrom-la-apuesta-de-suecia-para-los-oscar\/\" target=\"_blank\"><span style=\"color: #0000ff; text-decoration: underline;\">&#8220;El Hipnotista&#8221; de Lasse Hallstr\u00f6m<\/span><\/a><\/strong><\/span><\/li>\n<\/ul>\n<p style=\"text-align: justify;\">\n","protected":false},"excerpt":{"rendered":"<p>La pel\u00edcula seleccionada por la Academia del Cine Noruego para presentar a los Premios Oscar se llama \u201cKon-Tiki\u201d, dirigida por Joachim R\u00f8nning y Espen Sandberg. La pel\u00edcula retrata la famosa expedici\u00f3n del explorador y escritor noruego Thor Heyerdahl cruzando el Oc\u00e9ano Pac\u00edfico a las islas de Polinesia con su balsa Kon- Tiki en 1947. La [&hellip;]<\/p>\n","protected":false},"author":1,"featured_media":1731,"comment_status":"open","ping_status":"open","sticky":false,"template":"","format":"standard","meta":{"footnotes":""},"categories":[322,323],"tags":[402,401,404,403],"class_list":["post-1730","post","type-post","status-publish","format-standard","has-post-thumbnail","hentry","category-cine-nordico-arte-nordico","category-cine-noruego","tag-director-noruego","tag-kon-tiki-pelicula","tag-pelicula-noruega-globos-de-oro-2013","tag-pelicula-noruega-oscar"],"_links":{"self":[{"href":"http:\/\/thenordiccountries.com\/es\/wp-json\/wp\/v2\/posts\/1730","targetHints":{"allow":["GET"]}}],"collection":[{"href":"http:\/\/thenordiccountries.com\/es\/wp-json\/wp\/v2\/posts"}],"about":[{"href":"http:\/\/thenordiccountries.com\/es\/wp-json\/wp\/v2\/types\/post"}],"author":[{"embeddable":true,"href":"http:\/\/thenordiccountries.com\/es\/wp-json\/wp\/v2\/users\/1"}],"replies":[{"embeddable":true,"href":"http:\/\/thenordiccountries.com\/es\/wp-json\/wp\/v2\/comments?post=1730"}],"version-history":[{"count":8,"href":"http:\/\/thenordiccountries.com\/es\/wp-json\/wp\/v2\/posts\/1730\/revisions"}],"predecessor-version":[{"id":1749,"href":"http:\/\/thenordiccountries.com\/es\/wp-json\/wp\/v2\/posts\/1730\/revisions\/1749"}],"wp:featuredmedia":[{"embeddable":true,"href":"http:\/\/thenordiccountries.com\/es\/wp-json\/wp\/v2\/media\/1731"}],"wp:attachment":[{"href":"http:\/\/thenordiccountries.com\/es\/wp-json\/wp\/v2\/media?parent=1730"}],"wp:term":[{"taxonomy":"category","embeddable":true,"href":"http:\/\/thenordiccountries.com\/es\/wp-json\/wp\/v2\/categories?post=1730"},{"taxonomy":"post_tag","embeddable":true,"href":"http:\/\/thenordiccountries.com\/es\/wp-json\/wp\/v2\/tags?post=1730"}],"curies":[{"name":"wp","href":"https:\/\/api.w.org\/{rel}","templated":true}]}}