{"id":1760,"date":"2012-12-20T19:04:13","date_gmt":"2012-12-20T19:04:13","guid":{"rendered":"http:\/\/thenordiccountries.com\/es\/?p=1760"},"modified":"2012-12-21T18:52:29","modified_gmt":"2012-12-21T18:52:29","slug":"actrices-nordicas-elina-salo","status":"publish","type":"post","link":"http:\/\/thenordiccountries.com\/es\/actrices-nordicas-elina-salo\/","title":{"rendered":"Actrices N\u00f3rdicas: Elina Salo"},"content":{"rendered":"<p style=\"text-align: justify;\"><a href=\"http:\/\/thenordiccountries.com\/es\/wp-content\/uploads\/2012\/12\/The-Nordic-Countries-Elina-Salo-.jpg\"><img loading=\"lazy\" decoding=\"async\" class=\"alignleft size-full wp-image-1761\" title=\"The Nordic Countries Elina Salo\" src=\"http:\/\/thenordiccountries.com\/es\/wp-content\/uploads\/2012\/12\/The-Nordic-Countries-Elina-Salo-.jpg\" alt=\"\" width=\"150\" height=\"250\" \/><\/a>Elina Salo es una actriz finlandesa, que ha trabajado en el cine, teatro y televisi\u00f3n en Finlandia durante m\u00e1s de 50 a\u00f1os. La veterana actriz se hizo conocida para el p\u00fablico internacional en las pel\u00edculas del director finland\u00e9s Aki Kaurism\u00e4ki, con el que ha trabajado al menos en 6 pel\u00edculas, entre ellas \u201c<strong><em>Le Havre\u201d, \u201cUn Hombre sin Pasado\u201d, \u201cJuha\u201d, \u201cNubes Pasajeras\u201d, \u201cAg\u00e1rrate el Pa\u00f1uelo, Tatiana\u201d <\/em><\/strong>y<strong><em> \u201cLa Chica de la F\u00e1brica de Cerillas\u201d.<\/em><\/strong><\/p>\n<p style=\"text-align: justify;\">La carrera de Salo comenz\u00f3 en el a\u00f1o 1956 cuando debut\u00f3 en un papel menor en la pel\u00edcula de Veikko Itkonen <strong>\u201c<em>Tytt\u00f6 tuli Taloon<\/em>\u201d.<\/strong> Salo estaba aun estudiando\u00a0 en estos a\u00f1os en la Escuela de Teatro, y fue al terminar sus estudios cuando le surgi\u00f3 su primer papel mayor en \u201c<strong><em>Patarouva<\/em><\/strong>\u201d de <strong>Maunu Kurkvaara<\/strong> en el a\u00f1o 1959, tras lo cual sigui\u00f3 rodando varias pel\u00edculas bajo la direcci\u00f3n de realizadores como <strong>Aarne Tarkas<\/strong>, <strong>Matti Kassila<\/strong> o <strong>Risto Jarva<\/strong>.<\/p>\n<p style=\"text-align: justify;\"><a href=\"http:\/\/thenordiccountries.com\/es\/wp-content\/uploads\/2012\/12\/The-Nordic-Countries-Elina-Salo-2.png\"><img loading=\"lazy\" decoding=\"async\" class=\"alignright size-medium wp-image-1762\" title=\"The Nordic Countries Elina Salo 2\" src=\"http:\/\/thenordiccountries.com\/es\/wp-content\/uploads\/2012\/12\/The-Nordic-Countries-Elina-Salo-2-300x166.png\" alt=\"\" width=\"300\" height=\"166\" srcset=\"http:\/\/thenordiccountries.com\/es\/wp-content\/uploads\/2012\/12\/The-Nordic-Countries-Elina-Salo-2-300x166.png 300w, http:\/\/thenordiccountries.com\/es\/wp-content\/uploads\/2012\/12\/The-Nordic-Countries-Elina-Salo-2.png 720w\" sizes=\"auto, (max-width: 300px) 100vw, 300px\" \/><\/a>Con directores de la \u201cnouvelle vague\u201d finlandesa destacan t\u00edtulos como \u201c<strong><em>Noche o D\u00eda\u201d<\/em><\/strong> de <strong>Jaakko Pakkasvirta<\/strong> o \u201c<strong><em>El Diario del Obrero<\/em><\/strong>\u201d de <strong>Risto Jarva<\/strong>. Trabaj\u00f3 tambi\u00e9n en la pel\u00edcula sueca \u201c<strong><em>Harry Munter<\/em><\/strong>\u201d de <strong>Kjell Grede<\/strong> en 1969. Salo ha ganado 3 premios Jussi de la Academia del Cine finland\u00e9s, el primero de ellos de Mejor Actriz por su papel en \u201c<strong><em>Poeta y Musa<\/em><\/strong>\u201d de Jaakko Pakkasvirta en 1978 y el \u00faltimo de Mejor Actriz Secundaria por su reciente trabajo en la pel\u00edcula \u201c<strong><em>Le Havre<\/em><\/strong>\u201d de Aki Kaurism\u00e4ki.<\/p>\n<p style=\"text-align: justify;\"><a href=\"http:\/\/thenordiccountries.com\/es\/wp-content\/uploads\/2012\/12\/The-Nordic-Countries-Elina-Salo-3.jpg\"><img loading=\"lazy\" decoding=\"async\" class=\"alignleft size-full wp-image-1763\" title=\"The Nordic Countries Elina Salo 3\" src=\"http:\/\/thenordiccountries.com\/es\/wp-content\/uploads\/2012\/12\/The-Nordic-Countries-Elina-Salo-3.jpg\" alt=\"\" width=\"240\" height=\"285\" \/><\/a>Adem\u00e1s del cine Elina Salo ha actuado en el teatro y el radio-teatro, prestando su voz tambi\u00e9n para series animadas de televisi\u00f3n como la famosa saga de los Muumin, en la que ella dobl\u00f3 el papel de la <strong><em>Pequ\u00f1a My<\/em><\/strong>.<\/p>\n<p style=\"text-align: justify;\">Adem\u00e1s de su carrera en la interpretaci\u00f3n, esta magn\u00edfica y simp\u00e1tica actriz se ha dedicado tambi\u00e9n al mundo de la m\u00fasica grabando en disco, sobre todo, canciones infantiles.<\/p>\n<p style=\"text-align: justify;\">En el a\u00f1o 2009 Elina Salo recibi\u00f3 una <strong>condecoraci\u00f3n honor\u00edfica de la<\/strong> <strong>Orden de las Artes y Las Letras<\/strong> concedida por el <strong>Ministerio de Cultura de Francia.<\/strong><\/p>\n<p style=\"text-align: justify;\">ART\u00cdCULOS RELACIONADOS:<\/p>\n<ul>\n<li><span style=\"text-decoration: underline; color: #0000ff;\"><strong><a title=\"Emilia Uutinen\" href=\"http:\/\/thenordiccountries.com\/es\/actrices-nordicas-emilia-uutinen\/\" target=\"_blank\"><span style=\"color: #0000ff; text-decoration: underline;\">Actrices N\u00f3rdicas: Emilia Uutinen<\/span><\/a><\/strong><\/span><\/li>\n<li><span style=\"text-decoration: underline; color: #0000ff;\"><strong><a title=\"Pernilla August\" href=\"http:\/\/thenordiccountries.com\/es\/actrices-nordicas-pernilla-august\/\" target=\"_blank\"><span style=\"color: #0000ff; text-decoration: underline;\">Actrices N\u00f3rdicas: Pernilla Aug<\/span><\/a>ust<\/strong><\/span><\/li>\n<li><span style=\"text-decoration: underline; color: #0000ff;\"><strong><a title=\"El Hipnotista\" href=\"http:\/\/thenordiccountries.com\/es\/el-hipnotista-de-lasse-hallstrom-la-apuesta-de-suecia-para-los-oscar\/\" target=\"_blank\"><span style=\"color: #0000ff; text-decoration: underline;\">\u201cEl Hipnotista\u201d de Lasse Hallstr\u00f6m<\/span><\/a><\/strong><\/span><\/li>\n<\/ul>\n","protected":false},"excerpt":{"rendered":"<p>Elina Salo es una actriz finlandesa, que ha trabajado en el cine, teatro y televisi\u00f3n en Finlandia durante m\u00e1s de 50 a\u00f1os. La veterana actriz se hizo conocida para el p\u00fablico internacional en las pel\u00edculas del director finland\u00e9s Aki Kaurism\u00e4ki, con el que ha trabajado al menos en 6 pel\u00edculas, entre ellas \u201cLe Havre\u201d, \u201cUn [&hellip;]<\/p>\n","protected":false},"author":1,"featured_media":1761,"comment_status":"open","ping_status":"open","sticky":false,"template":"","format":"standard","meta":{"footnotes":""},"categories":[334,322],"tags":[408],"class_list":["post-1760","post","type-post","status-publish","format-standard","has-post-thumbnail","hentry","category-cine-finlandes","category-cine-nordico-arte-nordico","tag-actriz-pelicula-de-aki-kaurismaki"],"_links":{"self":[{"href":"http:\/\/thenordiccountries.com\/es\/wp-json\/wp\/v2\/posts\/1760","targetHints":{"allow":["GET"]}}],"collection":[{"href":"http:\/\/thenordiccountries.com\/es\/wp-json\/wp\/v2\/posts"}],"about":[{"href":"http:\/\/thenordiccountries.com\/es\/wp-json\/wp\/v2\/types\/post"}],"author":[{"embeddable":true,"href":"http:\/\/thenordiccountries.com\/es\/wp-json\/wp\/v2\/users\/1"}],"replies":[{"embeddable":true,"href":"http:\/\/thenordiccountries.com\/es\/wp-json\/wp\/v2\/comments?post=1760"}],"version-history":[{"count":3,"href":"http:\/\/thenordiccountries.com\/es\/wp-json\/wp\/v2\/posts\/1760\/revisions"}],"predecessor-version":[{"id":1765,"href":"http:\/\/thenordiccountries.com\/es\/wp-json\/wp\/v2\/posts\/1760\/revisions\/1765"}],"wp:featuredmedia":[{"embeddable":true,"href":"http:\/\/thenordiccountries.com\/es\/wp-json\/wp\/v2\/media\/1761"}],"wp:attachment":[{"href":"http:\/\/thenordiccountries.com\/es\/wp-json\/wp\/v2\/media?parent=1760"}],"wp:term":[{"taxonomy":"category","embeddable":true,"href":"http:\/\/thenordiccountries.com\/es\/wp-json\/wp\/v2\/categories?post=1760"},{"taxonomy":"post_tag","embeddable":true,"href":"http:\/\/thenordiccountries.com\/es\/wp-json\/wp\/v2\/tags?post=1760"}],"curies":[{"name":"wp","href":"https:\/\/api.w.org\/{rel}","templated":true}]}}