{"id":1766,"date":"2012-12-21T18:49:45","date_gmt":"2012-12-21T18:49:45","guid":{"rendered":"http:\/\/thenordiccountries.com\/es\/?p=1766"},"modified":"2012-12-21T19:08:51","modified_gmt":"2012-12-21T19:08:51","slug":"noruega-dinamarca-e-islandia-siguen-en-la-carrera-hacia-el-oscar-de-mejor-pelicula-extranjera-2013","status":"publish","type":"post","link":"http:\/\/thenordiccountries.com\/es\/noruega-dinamarca-e-islandia-siguen-en-la-carrera-hacia-el-oscar-de-mejor-pelicula-extranjera-2013\/","title":{"rendered":"Noruega, Dinamarca e Islandia Siguen en la Carrera Hacia el Oscar de Mejor Pel\u00edcula Extranjera 2013"},"content":{"rendered":"<p style=\"text-align: justify;\"><strong><a href=\"http:\/\/thenordiccountries.com\/es\/wp-content\/uploads\/2012\/12\/The-Nordic-Countries-Los-Oscars-a-la-Mejor-Pel\u00edcula-extranjera-2013.jpg\"><img loading=\"lazy\" decoding=\"async\" class=\"alignleft  wp-image-1767\" title=\"Gold Trophy\" src=\"http:\/\/thenordiccountries.com\/es\/wp-content\/uploads\/2012\/12\/The-Nordic-Countries-Los-Oscars-a-la-Mejor-Pel\u00edcula-extranjera-2013.jpg\" alt=\"\" width=\"236\" height=\"294\" \/><\/a>La Academia del Cine de Hollywood<\/strong>, encargada de los <strong>Premios Oscar<\/strong> anunci\u00f3 esta ma\u00f1ana la lista provisional de las 9 pel\u00edculas de las que 5 ser\u00e1n nominadas para el Oscar de la Mejor Pel\u00edcula Extranjera 2013.<\/p>\n<p style=\"text-align: justify;\">Las pel\u00edculas de tres pa\u00edses n\u00f3rdicos siguen en la carrera hacia la ansiada estatuilla Oscar: <strong>Noruega<\/strong> con \u201c<strong><em>Kon-Tiki<\/em><\/strong>\u201d de <strong>Joachim R\u00f8nning <\/strong>and<strong> Espen Sandberg, Dinamarca <\/strong>con<strong> \u201c<em>Un Asunto Real<\/em>\u201d <\/strong>de<strong> Nikolaj Arcel <\/strong>e<strong> Islandia <\/strong>con<strong> \u201c<em>The Deep<\/em>\u201d <\/strong>de<strong> Baltasar Korm\u00e1kur.<\/strong><\/p>\n<p style=\"text-align: justify;\">Desafortunadamente la pel\u00edcula sueca <strong><em>\u201cEl Hipnotista<\/em><\/strong>\u201d de <strong>Lasse Hallstr\u00f6m<\/strong> no se encuentra en la lista. Tampoco fue elegida la opci\u00f3n de Finlandia \u201c<strong><em>Purga<\/em><\/strong>\u201d de <strong>Antti J Jokinen.<\/strong><\/p>\n<p style=\"text-align: justify;\">Seguramente la carrera hacia las nominaciones y al propio Oscar no ser\u00e1 nada f\u00e1cil. Estas tres pel\u00edculas n\u00f3rdicas tienen una competencia feroz, ya que tambi\u00e9n se encuentran en la lista de \u201cpredominados\u201d la pel\u00edcula autriaca \u201c<strong><em>Amour<\/em><\/strong>\u201d de <strong>Michael Haneke,<\/strong> la canadiense \u201c<strong><em>War<\/em><\/strong> <strong><em>Witch<\/em><\/strong>,&#8221; de <strong>Kim Nguyen<\/strong>, la chilena &#8220;<strong><em>No<\/em><\/strong>,&#8221; de <strong>Pablo<\/strong> <strong>Larra\u00edn<\/strong>, la rumana &#8220;<strong><em>Beyond<\/em><\/strong> <strong><em>the<\/em><\/strong> <strong><em>Hills<\/em><\/strong>&#8221; de <strong>Cristian Mungiu<\/strong>, la suiza &#8220;<strong><em>Sister<\/em><\/strong>&#8221; de <strong>Ursula Meier<\/strong> y la aclamada y exitosa cinta francesa \u201c<strong><em>Los<\/em><\/strong>\u00a0 <strong><em>Intocables<\/em><\/strong>&#8221; de <strong>Olivier Nakache<\/strong> y <strong>Eric Toledano<\/strong>.<\/p>\n<p style=\"text-align: justify;\">La Academia nunca anuncia cuales de los filmes han sido los elegidos por el comit\u00e9 ejecutivo y cuales por el comit\u00e9 general, aunque se podr\u00eda tal vez aventurar en que tanto \u201cLos Intocables\u201d, \u201cUn Asunto Real\u201d \u201cThe Deep\u201d y \u201cKon-tiki\u201d probablemente sean elecciones del comit\u00e9 general, siendo al menos \u201cBeyond The Hills\u201d elecci\u00f3n del comit\u00e9 ejecutivo. Pero nada de esto se puede saber con seguridad.<\/p>\n<p style=\"text-align: justify;\">Esperemos que las pel\u00edculas n\u00f3rdicas sigan adelante en las nominaciones oficiales que se anunciar\u00e1n el 10 de Enero 2013. La gala de los Premios Oscar se celebrar\u00e1 el <strong>24 de Febrero en el Teatro Kodak de Los Angeles<\/strong>.<\/p>\n<p style=\"text-align: justify;\">ART\u00cdCULOS RELACIONADOS:<\/p>\n<ul>\n<li><span style=\"text-decoration: underline;\"><span style=\"color: #0000ff; text-decoration: underline;\"><strong><a title=\"Emilia Uutinen\" href=\"http:\/\/thenordiccountries.com\/es\/actrices-nordicas-emilia-uutinen\/\" target=\"_blank\"><span style=\"color: #0000ff; text-decoration: underline;\">Actrices N\u00f3rdicas: Emilia Uutinen<\/span><\/a><\/strong><\/span><\/span><\/li>\n<li><span style=\"text-decoration: underline;\"><span style=\"color: #0000ff; text-decoration: underline;\"><strong><a title=\"Pernilla August\" href=\"http:\/\/thenordiccountries.com\/es\/actrices-nordicas-pernilla-august\/\" target=\"_blank\"><span style=\"color: #0000ff; text-decoration: underline;\">Actrices N\u00f3rdicas: Pernilla Aug<\/span><\/a>ust<\/strong><\/span><\/span><\/li>\n<li><span style=\"text-decoration: underline;\"><span style=\"color: #0000ff; text-decoration: underline;\"><strong><a title=\"El Hipnotista\" href=\"http:\/\/thenordiccountries.com\/es\/el-hipnotista-de-lasse-hallstrom-la-apuesta-de-suecia-para-los-oscar\/\" target=\"_blank\"><span style=\"color: #0000ff; text-decoration: underline;\">\u201cEl Hipnotista\u201d de Lasse Hallstr\u00f6m<\/span><\/a><\/strong><\/span><\/span><\/li>\n<\/ul>\n","protected":false},"excerpt":{"rendered":"<p>La Academia del Cine de Hollywood, encargada de los Premios Oscar anunci\u00f3 esta ma\u00f1ana la lista provisional de las 9 pel\u00edculas de las que 5 ser\u00e1n nominadas para el Oscar de la Mejor Pel\u00edcula Extranjera 2013. Las pel\u00edculas de tres pa\u00edses n\u00f3rdicos siguen en la carrera hacia la ansiada estatuilla Oscar: Noruega con \u201cKon-Tiki\u201d de [&hellip;]<\/p>\n","protected":false},"author":1,"featured_media":1767,"comment_status":"open","ping_status":"open","sticky":false,"template":"","format":"standard","meta":{"footnotes":""},"categories":[322],"tags":[409],"class_list":["post-1766","post","type-post","status-publish","format-standard","has-post-thumbnail","hentry","category-cine-nordico-arte-nordico","tag-lista-de-los-nominados-al-oscar-de-la-mejor-pelicula-extranjera-2013"],"_links":{"self":[{"href":"http:\/\/thenordiccountries.com\/es\/wp-json\/wp\/v2\/posts\/1766","targetHints":{"allow":["GET"]}}],"collection":[{"href":"http:\/\/thenordiccountries.com\/es\/wp-json\/wp\/v2\/posts"}],"about":[{"href":"http:\/\/thenordiccountries.com\/es\/wp-json\/wp\/v2\/types\/post"}],"author":[{"embeddable":true,"href":"http:\/\/thenordiccountries.com\/es\/wp-json\/wp\/v2\/users\/1"}],"replies":[{"embeddable":true,"href":"http:\/\/thenordiccountries.com\/es\/wp-json\/wp\/v2\/comments?post=1766"}],"version-history":[{"count":4,"href":"http:\/\/thenordiccountries.com\/es\/wp-json\/wp\/v2\/posts\/1766\/revisions"}],"predecessor-version":[{"id":1769,"href":"http:\/\/thenordiccountries.com\/es\/wp-json\/wp\/v2\/posts\/1766\/revisions\/1769"}],"wp:featuredmedia":[{"embeddable":true,"href":"http:\/\/thenordiccountries.com\/es\/wp-json\/wp\/v2\/media\/1767"}],"wp:attachment":[{"href":"http:\/\/thenordiccountries.com\/es\/wp-json\/wp\/v2\/media?parent=1766"}],"wp:term":[{"taxonomy":"category","embeddable":true,"href":"http:\/\/thenordiccountries.com\/es\/wp-json\/wp\/v2\/categories?post=1766"},{"taxonomy":"post_tag","embeddable":true,"href":"http:\/\/thenordiccountries.com\/es\/wp-json\/wp\/v2\/tags?post=1766"}],"curies":[{"name":"wp","href":"https:\/\/api.w.org\/{rel}","templated":true}]}}