{"id":1774,"date":"2012-12-22T19:35:13","date_gmt":"2012-12-22T19:35:13","guid":{"rendered":"http:\/\/thenordiccountries.com\/es\/?p=1774"},"modified":"2012-12-22T19:46:05","modified_gmt":"2012-12-22T19:46:05","slug":"dos-estudiantes-finlandeses-secuestrados-en-yemen","status":"publish","type":"post","link":"http:\/\/thenordiccountries.com\/es\/dos-estudiantes-finlandeses-secuestrados-en-yemen\/","title":{"rendered":"Dos Estudiantes Finlandeses Secuestrados en Yemen"},"content":{"rendered":"<p style=\"text-align: justify;\"><strong><a href=\"http:\/\/thenordiccountries.com\/es\/wp-content\/uploads\/2012\/12\/The-Nordic-Countries-Dos-finlandeses-secuestrados-en-Yemen.gif\"><img loading=\"lazy\" decoding=\"async\" class=\"alignleft size-full wp-image-1775\" title=\"The Nordic Countries Dos finlandeses secuestrados en Yemen\" src=\"http:\/\/thenordiccountries.com\/es\/wp-content\/uploads\/2012\/12\/The-Nordic-Countries-Dos-finlandeses-secuestrados-en-Yemen.gif\" alt=\"\" width=\"330\" height=\"355\" srcset=\"http:\/\/thenordiccountries.com\/es\/wp-content\/uploads\/2012\/12\/The-Nordic-Countries-Dos-finlandeses-secuestrados-en-Yemen.gif 330w, http:\/\/thenordiccountries.com\/es\/wp-content\/uploads\/2012\/12\/The-Nordic-Countries-Dos-finlandeses-secuestrados-en-Yemen-278x300.gif 278w\" sizes=\"auto, (max-width: 330px) 100vw, 330px\" \/><\/a><\/strong><strong>Dos ciudadanos finlandeses y uno austriaco fueron secuestrados ayer viernes en la capital de Yemen, Sanaa.<\/strong><\/p>\n<p style=\"text-align: justify;\">Al parecer se trata de un hombre finland\u00e9s que estaba estudiando el idioma arabe en la Universidad Polit\u00e9cnica de Cales, Yemen, y de su novia que estaba s\u00f3lo de visita en el pa\u00eds. El hombre austriaco tambi\u00e9n \u00a0es estudiante de idiomas.<\/p>\n<p style=\"text-align: justify;\">Seg\u00fan la informaci\u00f3n que ha llegado a AFP, se sospecha que Al Qaida est\u00e1 detr\u00e1s del secuestro. Una fuente procedente de las tropas de seguridad de Yemen hab\u00eda revelado hace un poco m\u00e1s de una semana que Al Qaida hab\u00eda lanzado la amenaza de secuestrar a ciudadanos de pa\u00edses occidentales en la zona.<\/p>\n<p style=\"text-align: justify;\">Los secuestradores cogieron a sus presos en una tienda de elctr\u00f3nica en la Plaza Tahrir en el centro de Sanaa. El propietario de la tienda cuenta que hab\u00eda empezado a atender a los tres extranjeros cuando aparecieron tres hombres armados en un Suzuki Vitara, entraron en la tienda y forzaron a los dos hombres y a la mujer en su veh\u00edculo.<\/p>\n<p style=\"text-align: justify;\">&#8220;Los tres extranjeros vinieron a ver c\u00e1maras. Al mismo tiempo, tres hombres entraron con armas de fuego. La mujer cay\u00f3 al suelo inmediatamente, entonces uno de los hombres. El otro levant\u00f3 las manos. Ellos estaban paralizados por el miedo. Entonces los secuestradores les arrastraron hasta el coche &#8220;, dijo el comandante de la Brigada, Omar Abdulkarim para Reuters TV en Sanaa.<\/p>\n<p style=\"text-align: justify;\">Las autoridades de Yemen dicen que saben qui\u00e9nes son los secuestradores y creen que pronto ser\u00e1n detenidos.<\/p>\n<p>&#8220;Sabemos quienes son las personas que robaron las placas de matr\u00edcula que los secuestradores utilizados en el autom\u00f3vil. La investigaci\u00f3n contin\u00faa y ser\u00e1n arrestados pronto&#8221;, dijo Omar Abdulkarim el s\u00e1bado.<\/p>\n<p>El Ministerio de Asuntos Exteriores finland\u00e9s envi\u00f3 tambi\u00e9n hoy s\u00e1bado un representante a Yemen. Finlandia no tiene misi\u00f3n diplom\u00e1tica en el pa\u00eds. La investigaci\u00f3n se est\u00e1 llevando a cabo en cooperaci\u00f3n con Austria.<\/p>\n<p>El Ministerio emiti\u00f3 una advertencia de viaje en el d\u00eda 17 de este mes, advirtiendo de la amenaza de secuestros en Yemen e instando a los finlandeses a evitar los viajes al pa\u00eds.<\/p>\n","protected":false},"excerpt":{"rendered":"<p>Dos ciudadanos finlandeses y uno austriaco fueron secuestrados ayer viernes en la capital de Yemen, Sanaa. Al parecer se trata de un hombre finland\u00e9s que estaba estudiando el idioma arabe en la Universidad Polit\u00e9cnica de Cales, Yemen, y de su novia que estaba s\u00f3lo de visita en el pa\u00eds. El hombre austriaco tambi\u00e9n \u00a0es estudiante [&hellip;]<\/p>\n","protected":false},"author":1,"featured_media":1775,"comment_status":"open","ping_status":"open","sticky":false,"template":"","format":"standard","meta":{"footnotes":""},"categories":[7,8],"tags":[411,410],"class_list":["post-1774","post","type-post","status-publish","format-standard","has-post-thumbnail","hentry","category-actualidad","category-noticias-de-finlandia","tag-finlandeses-yemen","tag-secuestro-en-yemen"],"_links":{"self":[{"href":"http:\/\/thenordiccountries.com\/es\/wp-json\/wp\/v2\/posts\/1774","targetHints":{"allow":["GET"]}}],"collection":[{"href":"http:\/\/thenordiccountries.com\/es\/wp-json\/wp\/v2\/posts"}],"about":[{"href":"http:\/\/thenordiccountries.com\/es\/wp-json\/wp\/v2\/types\/post"}],"author":[{"embeddable":true,"href":"http:\/\/thenordiccountries.com\/es\/wp-json\/wp\/v2\/users\/1"}],"replies":[{"embeddable":true,"href":"http:\/\/thenordiccountries.com\/es\/wp-json\/wp\/v2\/comments?post=1774"}],"version-history":[{"count":3,"href":"http:\/\/thenordiccountries.com\/es\/wp-json\/wp\/v2\/posts\/1774\/revisions"}],"predecessor-version":[{"id":1777,"href":"http:\/\/thenordiccountries.com\/es\/wp-json\/wp\/v2\/posts\/1774\/revisions\/1777"}],"wp:featuredmedia":[{"embeddable":true,"href":"http:\/\/thenordiccountries.com\/es\/wp-json\/wp\/v2\/media\/1775"}],"wp:attachment":[{"href":"http:\/\/thenordiccountries.com\/es\/wp-json\/wp\/v2\/media?parent=1774"}],"wp:term":[{"taxonomy":"category","embeddable":true,"href":"http:\/\/thenordiccountries.com\/es\/wp-json\/wp\/v2\/categories?post=1774"},{"taxonomy":"post_tag","embeddable":true,"href":"http:\/\/thenordiccountries.com\/es\/wp-json\/wp\/v2\/tags?post=1774"}],"curies":[{"name":"wp","href":"https:\/\/api.w.org\/{rel}","templated":true}]}}