{"id":1779,"date":"2012-12-24T13:07:01","date_gmt":"2012-12-24T13:07:01","guid":{"rendered":"http:\/\/thenordiccountries.com\/es\/?p=1779"},"modified":"2012-12-24T13:07:01","modified_gmt":"2012-12-24T13:07:01","slug":"la-princesa-madeleine-de-suecia-anuncio-el-dia-de-su-boda","status":"publish","type":"post","link":"http:\/\/thenordiccountries.com\/es\/la-princesa-madeleine-de-suecia-anuncio-el-dia-de-su-boda\/","title":{"rendered":"La Princesa Madeleine de Suecia anunci\u00f3 el d\u00eda de su boda"},"content":{"rendered":"<div id=\"attachment_1781\" style=\"width: 234px\" class=\"wp-caption alignleft\"><a href=\"http:\/\/thenordiccountries.com\/es\/wp-content\/uploads\/2012\/12\/The-Nordic-Countries-la-Princesa-Madeleine-de-Suecia-y-su-futuro-marido-Chris-Oneill.jpg\"><img loading=\"lazy\" decoding=\"async\" aria-describedby=\"caption-attachment-1781\" class=\" wp-image-1781 \" title=\"The Nordic Countries la Princesa Madeleine de Suecia y su futuro marido Chris O'neill\" src=\"http:\/\/thenordiccountries.com\/es\/wp-content\/uploads\/2012\/12\/The-Nordic-Countries-la-Princesa-Madeleine-de-Suecia-y-su-futuro-marido-Chris-Oneill.jpg\" alt=\"\" width=\"224\" height=\"336\" srcset=\"http:\/\/thenordiccountries.com\/es\/wp-content\/uploads\/2012\/12\/The-Nordic-Countries-la-Princesa-Madeleine-de-Suecia-y-su-futuro-marido-Chris-Oneill.jpg 320w, http:\/\/thenordiccountries.com\/es\/wp-content\/uploads\/2012\/12\/The-Nordic-Countries-la-Princesa-Madeleine-de-Suecia-y-su-futuro-marido-Chris-Oneill-200x300.jpg 200w\" sizes=\"auto, (max-width: 224px) 100vw, 224px\" \/><\/a><p id=\"caption-attachment-1781\" class=\"wp-caption-text\">El Corte de Suecia<\/p><\/div>\n<p style=\"text-align: justify;\">La <strong>Princesa Madeleine de Suecia<\/strong> y su prometido, el americano <strong>Chris O&#8217;Neill<\/strong> se casar\u00e1n en la Iglesia del castillo del Rey sueco<strong> el 8 de junio<\/strong>, declar\u00f3 el corte Sueco en un comunicado de prensa ayer 23 de Diciembre.<\/p>\n<p style=\"text-align: justify;\">El primero en dar esta noticia fue el peri\u00f3dico sueco <em>Expressen<\/em>, al que el informador del corte sueco, Bertil Ternert, anunci\u00f3 la noticia.<\/p>\n<p style=\"text-align: justify;\">La princesa de 30 a\u00f1os y el hombre de negocios O\u2019Neill, 37, se han conocido hace m\u00e1s de un a\u00f1o y se comprometieron el pasado 25 de octubre.<\/p>\n<p style=\"text-align: justify;\">&#8211; Chris me propuso matrimonio en Nueva York a principios de octubre, y estamos muy contentos &#8220;, dijo la princesa en el video.<\/p>\n<p style=\"text-align: justify;\">Es l\u00f3gico que la fecha de la boda sea notificado ahora , cree Roger Lundgren, el redactor jefe de la revista Real sueca.<\/p>\n<p style=\"text-align: justify;\">&#8211; Est\u00e1n reunidos en torno a la Navidad y fijar\u00edan una fecha, entonces es de esperar que vendr\u00eda ahora, dijo.<\/p>\n<p style=\"text-align: justify;\">Que la boda se lleve a cabo en la Capilla Real no es sorprendente. All\u00ed fue bautizada tambi\u00e9n la princesa Estelle a principios de este a\u00f1o.<\/p>\n<p style=\"text-align: justify;\">&#8211; La Gran Iglesia de Estocolmo es demasiado grande para esta boda. La boda de Victoria era tres veces m\u00e1s grande que la de Madeleine. Esta es una boda m\u00e1s \u00edntima.<\/p>\n<p style=\"text-align: justify;\">Roger Lundgren anuncia que es que el arzobispo Anders Wejryd que se encargar\u00e1 de casar a la pareja.<\/p>\n<p style=\"text-align: justify;\">La princesa sueca hab\u00eda estado anteriormente comprometida con el abogado sueco Jonas Bergstr\u00f6m, relaci\u00f3n que acab\u00f3 ya hace bastante tiempo.<\/p>\n<p style=\"text-align: justify;\">La Princesa Madeleine Th\u00e9r\u00e8se Amelie Josephine es la cuarta en la l\u00ednea hereditaria de la corona sueca tras su hermana Victoria, la hija de \u00e9sta, Estelle, y su hermano Carl Philip. Tambi\u00e9n la duquesa de H\u00e4lsingland y G\u00e4strikland. Ella trabaja en la World Childhood Foundation en EE.UU. y reside en Nueva York.<\/p>\n<p style=\"text-align: justify;\">Christopher O&#8217;Neill naci\u00f3 en Londres, donde creci\u00f3 con sus padres. Durante los \u00faltimos 16 a\u00f1os, O&#8217;Neill ha trabajado en la industria financiera. Actualmente es socio de Noster Capital, una empresa de servicios financieros con sede en Londres y Nueva York.<\/p>\n","protected":false},"excerpt":{"rendered":"<p>La Princesa Madeleine de Suecia y su prometido, el americano Chris O&#8217;Neill se casar\u00e1n en la Iglesia del castillo del Rey sueco el 8 de junio, declar\u00f3 el corte Sueco en un comunicado de prensa ayer 23 de Diciembre. El primero en dar esta noticia fue el peri\u00f3dico sueco Expressen, al que el informador del [&hellip;]<\/p>\n","protected":false},"author":1,"featured_media":1781,"comment_status":"open","ping_status":"open","sticky":false,"template":"","format":"standard","meta":{"footnotes":""},"categories":[7,93],"tags":[413,412],"class_list":["post-1779","post","type-post","status-publish","format-standard","has-post-thumbnail","hentry","category-actualidad","category-noticias-de-suecia","tag-chris-oneill-madeleine","tag-princesa-madeleine-de-suecia-se-casa"],"_links":{"self":[{"href":"http:\/\/thenordiccountries.com\/es\/wp-json\/wp\/v2\/posts\/1779","targetHints":{"allow":["GET"]}}],"collection":[{"href":"http:\/\/thenordiccountries.com\/es\/wp-json\/wp\/v2\/posts"}],"about":[{"href":"http:\/\/thenordiccountries.com\/es\/wp-json\/wp\/v2\/types\/post"}],"author":[{"embeddable":true,"href":"http:\/\/thenordiccountries.com\/es\/wp-json\/wp\/v2\/users\/1"}],"replies":[{"embeddable":true,"href":"http:\/\/thenordiccountries.com\/es\/wp-json\/wp\/v2\/comments?post=1779"}],"version-history":[{"count":2,"href":"http:\/\/thenordiccountries.com\/es\/wp-json\/wp\/v2\/posts\/1779\/revisions"}],"predecessor-version":[{"id":1783,"href":"http:\/\/thenordiccountries.com\/es\/wp-json\/wp\/v2\/posts\/1779\/revisions\/1783"}],"wp:featuredmedia":[{"embeddable":true,"href":"http:\/\/thenordiccountries.com\/es\/wp-json\/wp\/v2\/media\/1781"}],"wp:attachment":[{"href":"http:\/\/thenordiccountries.com\/es\/wp-json\/wp\/v2\/media?parent=1779"}],"wp:term":[{"taxonomy":"category","embeddable":true,"href":"http:\/\/thenordiccountries.com\/es\/wp-json\/wp\/v2\/categories?post=1779"},{"taxonomy":"post_tag","embeddable":true,"href":"http:\/\/thenordiccountries.com\/es\/wp-json\/wp\/v2\/tags?post=1779"}],"curies":[{"name":"wp","href":"https:\/\/api.w.org\/{rel}","templated":true}]}}