{"id":1811,"date":"2013-02-05T18:22:34","date_gmt":"2013-02-05T18:22:34","guid":{"rendered":"http:\/\/thenordiccountries.com\/es\/?p=1811"},"modified":"2013-02-05T18:22:34","modified_gmt":"2013-02-05T18:22:34","slug":"la-princesa-victoria-de-suecia-entrega-el-premio-gay-of-the-year-al-escritor-jonas-gardell","status":"publish","type":"post","link":"http:\/\/thenordiccountries.com\/es\/la-princesa-victoria-de-suecia-entrega-el-premio-gay-of-the-year-al-escritor-jonas-gardell\/","title":{"rendered":"La Princesa Victoria de Suecia entrega el Premio \u201cGay of the Year\u201d al Escritor Jonas Gardell"},"content":{"rendered":"<p><a href=\"http:\/\/thenordiccountries.com\/es\/wp-content\/uploads\/2013\/02\/The-nordic-Countries-Jonas-Gardell-Premio-Gay-del-an\u0303o.jpg\"><img loading=\"lazy\" decoding=\"async\" class=\"alignleft size-medium wp-image-1812\" title=\"The nordic Countries Jonas Gardell Premio Gay del an\u0303o\" src=\"http:\/\/thenordiccountries.com\/es\/wp-content\/uploads\/2013\/02\/The-nordic-Countries-Jonas-Gardell-Premio-Gay-del-an\u0303o-246x300.jpg\" alt=\"\" width=\"246\" height=\"300\" srcset=\"http:\/\/thenordiccountries.com\/es\/wp-content\/uploads\/2013\/02\/The-nordic-Countries-Jonas-Gardell-Premio-Gay-del-an\u0303o-246x300.jpg 246w, http:\/\/thenordiccountries.com\/es\/wp-content\/uploads\/2013\/02\/The-nordic-Countries-Jonas-Gardell-Premio-Gay-del-an\u0303o.jpg 493w\" sizes=\"auto, (max-width: 246px) 100vw, 246px\" \/><\/a>El premio Sueco \u201cGay of the Year\u201d (El Gay del a\u00f1o) fue entregado ayer al autor y c\u00f3mico sueco Jonas Gardell de la mano de la la princesa Victoria, heredera de la corona sueca.<\/p>\n<p>Gardell recibi\u00f3 el premio por su labor como escritor del libro (y serie de TV) \u201cNunca seques l\u00e1grimas sin guantes\u201d que despert\u00f3 un debate nacional en Suecia en los a\u00f1os 80 sobre el tratamiento de los hombres homosexuales durante la crisis del sida.<\/p>\n<p>La princesa agradeci\u00f3 su labor constatando que \u201cPocos nos han emocionado tanto, y nos han hecho ser tan orgullosos como t\u00fa. Tu mensaje es muy claro. Estira tu espalda. Extiende tu mano. Vamos a limpiarnos las l\u00e1grimas.\u201d<\/p>\n<p>Al decir estas palabras, la princesa recibi\u00f3 una gran ovaci\u00f3n por parte del p\u00fablico que se encontraba en esta entrega del premio.<\/p>\n<p>Gardell, entonces le contest\u00f3; \u201c Victoria, tu eres nuestra princesa heredera, pero creo que esta noche yo soy nuestra reina\u201d.<\/p>\n<p>El premio Gay of the Year del a\u00f1o pasado fue a parar al primer futbolista que se declar\u00f3 p\u00fablicamente gay, Anton Hysen, el hijo del jugador de Liverpool Glenn Hysen.<\/p>\n","protected":false},"excerpt":{"rendered":"<p>El premio Sueco \u201cGay of the Year\u201d (El Gay del a\u00f1o) fue entregado ayer al autor y c\u00f3mico sueco Jonas Gardell de la mano de la la princesa Victoria, heredera de la corona sueca. Gardell recibi\u00f3 el premio por su labor como escritor del libro (y serie de TV) \u201cNunca seques l\u00e1grimas sin guantes\u201d que [&hellip;]<\/p>\n","protected":false},"author":1,"featured_media":1812,"comment_status":"open","ping_status":"open","sticky":false,"template":"","format":"standard","meta":{"footnotes":""},"categories":[7,210,419,93],"tags":[421,423,420,422],"class_list":["post-1811","post","type-post","status-publish","format-standard","has-post-thumbnail","hentry","category-actualidad","category-literatura-nordica-arte-nordico","category-literatura-sueca-literatura-nordica-arte-nordico","category-noticias-de-suecia","tag-gay-of-the-year-award","tag-jonas-gardell","tag-premio-gay-del-ano","tag-princesa-victoria-de-suecia"],"_links":{"self":[{"href":"http:\/\/thenordiccountries.com\/es\/wp-json\/wp\/v2\/posts\/1811","targetHints":{"allow":["GET"]}}],"collection":[{"href":"http:\/\/thenordiccountries.com\/es\/wp-json\/wp\/v2\/posts"}],"about":[{"href":"http:\/\/thenordiccountries.com\/es\/wp-json\/wp\/v2\/types\/post"}],"author":[{"embeddable":true,"href":"http:\/\/thenordiccountries.com\/es\/wp-json\/wp\/v2\/users\/1"}],"replies":[{"embeddable":true,"href":"http:\/\/thenordiccountries.com\/es\/wp-json\/wp\/v2\/comments?post=1811"}],"version-history":[{"count":2,"href":"http:\/\/thenordiccountries.com\/es\/wp-json\/wp\/v2\/posts\/1811\/revisions"}],"predecessor-version":[{"id":1814,"href":"http:\/\/thenordiccountries.com\/es\/wp-json\/wp\/v2\/posts\/1811\/revisions\/1814"}],"wp:featuredmedia":[{"embeddable":true,"href":"http:\/\/thenordiccountries.com\/es\/wp-json\/wp\/v2\/media\/1812"}],"wp:attachment":[{"href":"http:\/\/thenordiccountries.com\/es\/wp-json\/wp\/v2\/media?parent=1811"}],"wp:term":[{"taxonomy":"category","embeddable":true,"href":"http:\/\/thenordiccountries.com\/es\/wp-json\/wp\/v2\/categories?post=1811"},{"taxonomy":"post_tag","embeddable":true,"href":"http:\/\/thenordiccountries.com\/es\/wp-json\/wp\/v2\/tags?post=1811"}],"curies":[{"name":"wp","href":"https:\/\/api.w.org\/{rel}","templated":true}]}}