{"id":1815,"date":"2013-02-09T14:34:35","date_gmt":"2013-02-09T14:34:35","guid":{"rendered":"http:\/\/thenordiccountries.com\/es\/?p=1815"},"modified":"2013-02-09T14:35:52","modified_gmt":"2013-02-09T14:35:52","slug":"aksel-lund-svindal-campeon-del-mundo-del-descenso-en-la-copa-del-mundo-del-esqui-alpino","status":"publish","type":"post","link":"http:\/\/thenordiccountries.com\/es\/aksel-lund-svindal-campeon-del-mundo-del-descenso-en-la-copa-del-mundo-del-esqui-alpino\/","title":{"rendered":"Aksel Lund Svindal Campe\u00f3n del Mundo del Descenso en la Copa del Mundo del Esqu\u00ed Alpino"},"content":{"rendered":"<p style=\"text-align: justify;\"><a href=\"http:\/\/thenordiccountries.com\/es\/wp-content\/uploads\/2013\/02\/The-Nordic-Countries-Aksel-Lund-Svindal.jpg\"><img loading=\"lazy\" decoding=\"async\" class=\"alignleft size-medium wp-image-1816\" title=\"The Nordic Countries Aksel Lund Svindal\" src=\"http:\/\/thenordiccountries.com\/es\/wp-content\/uploads\/2013\/02\/The-Nordic-Countries-Aksel-Lund-Svindal-225x300.jpg\" alt=\"\" width=\"225\" height=\"300\" srcset=\"http:\/\/thenordiccountries.com\/es\/wp-content\/uploads\/2013\/02\/The-Nordic-Countries-Aksel-Lund-Svindal-225x300.jpg 225w, http:\/\/thenordiccountries.com\/es\/wp-content\/uploads\/2013\/02\/The-Nordic-Countries-Aksel-Lund-Svindal.jpg 450w\" sizes=\"auto, (max-width: 225px) 100vw, 225px\" \/><\/a>El Noruego <strong>Aksel Lund Svindal<\/strong> ha sido proclamado hoy campe\u00f3n del mundo del descenso en la Copa del Mundo del esqu\u00ed alpino que se celebra en Austria.<\/p>\n<p style=\"text-align: justify;\">La competici\u00f3n de descenso tuvo lugar hoy, s\u00e1bado, en la estaci\u00f3n de esqu\u00ed austriaca de <strong>Schladming<\/strong>, siendo el noruego el claro ganador marcando un tiempo al que ninguno de sus competidores pudieron llegar ni de cerca. Baj\u00f3 los 3,33 kil\u00f3metros en un tiempo de 2 minutos y 1,32 segundos siendo casi medio segundo m\u00e1s r\u00e1pido que el concursante que se llev\u00f3 la medalla de plata, el italiano <strong>Dominik Paris<\/strong>. El tercero fue el franc\u00e9s <strong>David Poisso<\/strong>n.<\/p>\n<p style=\"text-align: justify;\">\u201cSupe que no podr\u00eda haber esquiado mejor\u201d dijo Svindal en una entrevista tras su victoria. \u201cArriesgu\u00e9 mucho. Fue una bajada dura. La visibilidad no era buena ya la pista era dif\u00edcil. Al terminar estaba exhausto, mentalmente tambi\u00e9n\u201d, dijo el campe\u00f3n.<\/p>\n<p style=\"text-align: justify;\">El Noruego hab\u00eda conseguido la medalla de bronce el pasado mi\u00e9rcoles en la competici\u00f3n de Super G, lo que le hab\u00eda dado fuerzas para ir a por el oro en el descenso hoy; \u201cGanar el bronce estuvo bien pero me dej\u00f3 un poco frustrado. Hoy me esforc\u00e9 mucho y evit\u00e9 los grandes fallos.\u201d, dijo Svindal.<\/p>\n<p style=\"text-align: justify;\">Para el franc\u00e9s David Poisson, este fue el primer podio de su vida en una Copa del Mundo y el esquiador se mostr\u00f3 muy contento; \u201cEsto es perfecto. Estoy muy orgulloso de mi descenso, fui r\u00e1pido y alcanc\u00e9 mis l\u00edmites\u201d, dijo Poisson.<\/p>\n<p style=\"text-align: justify;\">El finland\u00e9s <strong>Andres Romar<\/strong> se llev\u00f3 el quinto puesto, siendo el primer finland\u00e9s en la historia en\u00a0 conseguir una calificaci\u00f3n tan elevada en una Copa del Mundo del esqu\u00ed alpino.<\/p>\n<p>&nbsp;<\/p>\n","protected":false},"excerpt":{"rendered":"<p>El Noruego Aksel Lund Svindal ha sido proclamado hoy campe\u00f3n del mundo del descenso en la Copa del Mundo del esqu\u00ed alpino que se celebra en Austria. La competici\u00f3n de descenso tuvo lugar hoy, s\u00e1bado, en la estaci\u00f3n de esqu\u00ed austriaca de Schladming, siendo el noruego el claro ganador marcando un tiempo al que ninguno [&hellip;]<\/p>\n","protected":false},"author":1,"featured_media":1816,"comment_status":"open","ping_status":"open","sticky":false,"template":"","format":"standard","meta":{"footnotes":""},"categories":[7,98,222],"tags":[425,424],"class_list":["post-1815","post","type-post","status-publish","format-standard","has-post-thumbnail","hentry","category-actualidad","category-deportes-nordicos","category-noticias-de-noruega","tag-aksel-lund-svindal","tag-cmpeon-del-mundo-en-descendo"],"_links":{"self":[{"href":"http:\/\/thenordiccountries.com\/es\/wp-json\/wp\/v2\/posts\/1815","targetHints":{"allow":["GET"]}}],"collection":[{"href":"http:\/\/thenordiccountries.com\/es\/wp-json\/wp\/v2\/posts"}],"about":[{"href":"http:\/\/thenordiccountries.com\/es\/wp-json\/wp\/v2\/types\/post"}],"author":[{"embeddable":true,"href":"http:\/\/thenordiccountries.com\/es\/wp-json\/wp\/v2\/users\/1"}],"replies":[{"embeddable":true,"href":"http:\/\/thenordiccountries.com\/es\/wp-json\/wp\/v2\/comments?post=1815"}],"version-history":[{"count":3,"href":"http:\/\/thenordiccountries.com\/es\/wp-json\/wp\/v2\/posts\/1815\/revisions"}],"predecessor-version":[{"id":1818,"href":"http:\/\/thenordiccountries.com\/es\/wp-json\/wp\/v2\/posts\/1815\/revisions\/1818"}],"wp:featuredmedia":[{"embeddable":true,"href":"http:\/\/thenordiccountries.com\/es\/wp-json\/wp\/v2\/media\/1816"}],"wp:attachment":[{"href":"http:\/\/thenordiccountries.com\/es\/wp-json\/wp\/v2\/media?parent=1815"}],"wp:term":[{"taxonomy":"category","embeddable":true,"href":"http:\/\/thenordiccountries.com\/es\/wp-json\/wp\/v2\/categories?post=1815"},{"taxonomy":"post_tag","embeddable":true,"href":"http:\/\/thenordiccountries.com\/es\/wp-json\/wp\/v2\/tags?post=1815"}],"curies":[{"name":"wp","href":"https:\/\/api.w.org\/{rel}","templated":true}]}}