{"id":1820,"date":"2013-02-18T00:49:13","date_gmt":"2013-02-18T00:49:13","guid":{"rendered":"http:\/\/thenordiccountries.com\/es\/?p=1820"},"modified":"2013-02-18T00:58:34","modified_gmt":"2013-02-18T00:58:34","slug":"el-fotografo-sueco-paul-hansen-gana-el-premio-world-press-photo","status":"publish","type":"post","link":"http:\/\/thenordiccountries.com\/es\/el-fotografo-sueco-paul-hansen-gana-el-premio-world-press-photo\/","title":{"rendered":"El Fot\u00f3grafo sueco Paul Hansen gana el premio World Press Photo"},"content":{"rendered":"<p style=\"text-align: justify;\">Ayer, viernes 15 de Febrero se anunciaron en Amsterdam los premios anuales de fotograf\u00eda <em><strong>World Press Photo<\/strong><\/em>, los premios m\u00e1s importantes de fotoperiodismo del mundo.<\/p>\n<p style=\"text-align: justify;\">El primer premio fue a para al fot\u00f3grafo sueco <strong>Paul Hansen<\/strong> por su instant\u00e1nea sacada el 20 de Noviembre, en la que retrata el funeral de una familia en una calle de Gaza en el que los padres y hermanos llevan los cuerpos de dos ni\u00f1os fallecidos por culpa de una bomba israel\u00ed. La foto ganadora de Hansen refleja de forma aterradora la tragedia de la poblaci\u00f3n de Gaza frente a los continuos ataques entre los palestinos y los israel\u00edes en la zona el dicho mes de Noviembre.\u00a0Hansen es fot\u00f3grafo del peri\u00f3dico sueco Dagens Nyheter. Abajo la fotograf\u00eda ganadora.<\/p>\n<p style=\"text-align: justify;\"><a href=\"http:\/\/thenordiccountries.com\/es\/wp-content\/uploads\/2013\/02\/The-Nordic-Countries-Paul-Hansen-gana-World-press-Photo.jpg\"><img loading=\"lazy\" decoding=\"async\" class=\"aligncenter  wp-image-1821\" title=\"The Nordic Countries Paul Hansen gana World press Photo\" src=\"http:\/\/thenordiccountries.com\/es\/wp-content\/uploads\/2013\/02\/The-Nordic-Countries-Paul-Hansen-gana-World-press-Photo.jpg\" alt=\"\" width=\"491\" height=\"328\" srcset=\"http:\/\/thenordiccountries.com\/es\/wp-content\/uploads\/2013\/02\/The-Nordic-Countries-Paul-Hansen-gana-World-press-Photo.jpg 1024w, http:\/\/thenordiccountries.com\/es\/wp-content\/uploads\/2013\/02\/The-Nordic-Countries-Paul-Hansen-gana-World-press-Photo-300x200.jpg 300w\" sizes=\"auto, (max-width: 491px) 100vw, 491px\" \/><\/a><\/p>\n<p style=\"text-align: justify;\">\u00a0El jurado internacional que decidi\u00f3 otorgar el primer premio a Hansen ha tenido en cuenta, adem\u00e1s de la calidad fotogr\u00e1fica, la forma con la que el fot\u00f3grafo sueco retrata en su instant\u00e1nea la indignaci\u00f3n y dolor que provoca la guerra, adem\u00e1s de la gran controversia de que lo m\u00e1s b\u00e1rbaro del ser humano afecta a los m\u00e1s inocentes, que son los ni\u00f1os. Los cuerpos de Suhaib Hijazi de dos a\u00f1os y de su hermano Muhammad de tres a\u00f1os se convierten,\u00a0lamentablemente,\u00a0en el s\u00edmbolo de la inocencia en la triste realidad de un conflicto entre pueblos.<\/p>\n<p style=\"text-align: justify;\">Los premios World Press Photo otorga premios a un total de 54 fot\u00f3grafos en nueve categor\u00edas diferentes. Este a\u00f1o los fot\u00f3grafos premiados procedieron de 32 pa\u00edses diferentes. La instant\u00e1nea de Hansen gan\u00f3 el primer premio tanto en la categor\u00eda de Noticias como en la categor\u00eda del concurso general.<\/p>\n","protected":false},"excerpt":{"rendered":"<p>Ayer, viernes 15 de Febrero se anunciaron en Amsterdam los premios anuales de fotograf\u00eda World Press Photo, los premios m\u00e1s importantes de fotoperiodismo del mundo. El primer premio fue a para al fot\u00f3grafo sueco Paul Hansen por su instant\u00e1nea sacada el 20 de Noviembre, en la que retrata el funeral de una familia en una [&hellip;]<\/p>\n","protected":false},"author":1,"featured_media":1821,"comment_status":"open","ping_status":"open","sticky":false,"template":"","format":"standard","meta":{"footnotes":""},"categories":[7,93],"tags":[427,426],"class_list":["post-1820","post","type-post","status-publish","format-standard","has-post-thumbnail","hentry","category-actualidad","category-noticias-de-suecia","tag-paul-hansen","tag-world-press-photo"],"_links":{"self":[{"href":"http:\/\/thenordiccountries.com\/es\/wp-json\/wp\/v2\/posts\/1820","targetHints":{"allow":["GET"]}}],"collection":[{"href":"http:\/\/thenordiccountries.com\/es\/wp-json\/wp\/v2\/posts"}],"about":[{"href":"http:\/\/thenordiccountries.com\/es\/wp-json\/wp\/v2\/types\/post"}],"author":[{"embeddable":true,"href":"http:\/\/thenordiccountries.com\/es\/wp-json\/wp\/v2\/users\/1"}],"replies":[{"embeddable":true,"href":"http:\/\/thenordiccountries.com\/es\/wp-json\/wp\/v2\/comments?post=1820"}],"version-history":[{"count":3,"href":"http:\/\/thenordiccountries.com\/es\/wp-json\/wp\/v2\/posts\/1820\/revisions"}],"predecessor-version":[{"id":1824,"href":"http:\/\/thenordiccountries.com\/es\/wp-json\/wp\/v2\/posts\/1820\/revisions\/1824"}],"wp:featuredmedia":[{"embeddable":true,"href":"http:\/\/thenordiccountries.com\/es\/wp-json\/wp\/v2\/media\/1821"}],"wp:attachment":[{"href":"http:\/\/thenordiccountries.com\/es\/wp-json\/wp\/v2\/media?parent=1820"}],"wp:term":[{"taxonomy":"category","embeddable":true,"href":"http:\/\/thenordiccountries.com\/es\/wp-json\/wp\/v2\/categories?post=1820"},{"taxonomy":"post_tag","embeddable":true,"href":"http:\/\/thenordiccountries.com\/es\/wp-json\/wp\/v2\/tags?post=1820"}],"curies":[{"name":"wp","href":"https:\/\/api.w.org\/{rel}","templated":true}]}}