{"id":1839,"date":"2013-04-19T18:09:25","date_gmt":"2013-04-19T18:09:25","guid":{"rendered":"http:\/\/thenordiccountries.com\/es\/?p=1839"},"modified":"2013-04-19T18:33:11","modified_gmt":"2013-04-19T18:33:11","slug":"el-hombre-nordico-tambien-existe-lectura-dramatizada-de-textos-nordicos-en-madrid","status":"publish","type":"post","link":"http:\/\/thenordiccountries.com\/es\/el-hombre-nordico-tambien-existe-lectura-dramatizada-de-textos-nordicos-en-madrid\/","title":{"rendered":"\u201cEl Hombre N\u00f3rdico Tambi\u00e9n existe\u201d: Lectura Dramatizada de Textos N\u00f3rdicos en Madrid"},"content":{"rendered":"<p style=\"text-align: justify;\"><a href=\"http:\/\/thenordiccountries.com\/es\/wp-content\/uploads\/2013\/04\/la-noche-de-los-libros-2013.jpg\"><img loading=\"lazy\" decoding=\"async\" class=\"alignleft  wp-image-1840\" title=\"la noche de los libros 2013\" src=\"http:\/\/thenordiccountries.com\/es\/wp-content\/uploads\/2013\/04\/la-noche-de-los-libros-2013.jpg\" alt=\"\" width=\"264\" height=\"243\" srcset=\"http:\/\/thenordiccountries.com\/es\/wp-content\/uploads\/2013\/04\/la-noche-de-los-libros-2013.jpg 400w, http:\/\/thenordiccountries.com\/es\/wp-content\/uploads\/2013\/04\/la-noche-de-los-libros-2013-300x276.jpg 300w\" sizes=\"auto, (max-width: 264px) 100vw, 264px\" \/><\/a>Las Embajadas N\u00f3rdicas en Espa\u00f1a organizan el pr\u00f3ximo martes 23 de Marzo (Noche de los Libros) una lectura dramatizada sobre textos de autores n\u00f3rdicos de la mano del dramaturgo <strong>Ignacio Garc\u00eda May<\/strong> y la actriz finlandesa <a title=\"Emilia Uutinen\" href=\"http:\/\/www.emiliauutinen.com\/\" target=\"_blank\"><strong>Emilia Uutinen<\/strong><\/a>.<\/p>\n<p style=\"text-align: justify;\">El evento gestionado en colaboraci\u00f3n con la librer\u00eda Tierra de Fuego tendr\u00e1 lugar en dicha librer\u00eda a las 20:00 de la tarde. Se leer\u00e1n textos de autores como <strong>Petri Tamminen<\/strong> (Finlandia<strong>), Peter Seeberg<\/strong> (Dinamarca), <strong>Ingvar Ambj\u00f8rnsen<\/strong> (Noruega) y <strong>Jonas Jonasson<\/strong> (Suecia).<\/p>\n<address style=\"text-align: justify;\">Librer\u00eda Tierra de Fuego\u2028<\/address>\n<address style=\"text-align: justify;\">Traves\u00eda de Conde Duque, 3\u2028<\/address>\n<address style=\"text-align: justify;\">\u00danica sesi\u00f3n el 23.4.2013 a las 20.00 h<\/address>\n","protected":false},"excerpt":{"rendered":"<p>Las Embajadas N\u00f3rdicas en Espa\u00f1a organizan el pr\u00f3ximo martes 23 de Marzo (Noche de los Libros) una lectura dramatizada sobre textos de autores n\u00f3rdicos de la mano del dramaturgo Ignacio Garc\u00eda May y la actriz finlandesa Emilia Uutinen. El evento gestionado en colaboraci\u00f3n con la librer\u00eda Tierra de Fuego tendr\u00e1 lugar en dicha librer\u00eda a [&hellip;]<\/p>\n","protected":false},"author":1,"featured_media":1840,"comment_status":"open","ping_status":"open","sticky":false,"template":"","format":"standard","meta":{"footnotes":""},"categories":[7,69],"tags":[],"class_list":["post-1839","post","type-post","status-publish","format-standard","has-post-thumbnail","hentry","category-actualidad","category-arte"],"_links":{"self":[{"href":"http:\/\/thenordiccountries.com\/es\/wp-json\/wp\/v2\/posts\/1839","targetHints":{"allow":["GET"]}}],"collection":[{"href":"http:\/\/thenordiccountries.com\/es\/wp-json\/wp\/v2\/posts"}],"about":[{"href":"http:\/\/thenordiccountries.com\/es\/wp-json\/wp\/v2\/types\/post"}],"author":[{"embeddable":true,"href":"http:\/\/thenordiccountries.com\/es\/wp-json\/wp\/v2\/users\/1"}],"replies":[{"embeddable":true,"href":"http:\/\/thenordiccountries.com\/es\/wp-json\/wp\/v2\/comments?post=1839"}],"version-history":[{"count":6,"href":"http:\/\/thenordiccountries.com\/es\/wp-json\/wp\/v2\/posts\/1839\/revisions"}],"predecessor-version":[{"id":1846,"href":"http:\/\/thenordiccountries.com\/es\/wp-json\/wp\/v2\/posts\/1839\/revisions\/1846"}],"wp:featuredmedia":[{"embeddable":true,"href":"http:\/\/thenordiccountries.com\/es\/wp-json\/wp\/v2\/media\/1840"}],"wp:attachment":[{"href":"http:\/\/thenordiccountries.com\/es\/wp-json\/wp\/v2\/media?parent=1839"}],"wp:term":[{"taxonomy":"category","embeddable":true,"href":"http:\/\/thenordiccountries.com\/es\/wp-json\/wp\/v2\/categories?post=1839"},{"taxonomy":"post_tag","embeddable":true,"href":"http:\/\/thenordiccountries.com\/es\/wp-json\/wp\/v2\/tags?post=1839"}],"curies":[{"name":"wp","href":"https:\/\/api.w.org\/{rel}","templated":true}]}}