{"id":1847,"date":"2013-04-27T12:56:21","date_gmt":"2013-04-27T12:56:21","guid":{"rendered":"http:\/\/thenordiccountries.com\/es\/?p=1847"},"modified":"2013-04-27T13:07:24","modified_gmt":"2013-04-27T13:07:24","slug":"humor-en-la-noche-de-los-libros-de-madrid-el-hombre-nordico-tambien-existe","status":"publish","type":"post","link":"http:\/\/thenordiccountries.com\/es\/humor-en-la-noche-de-los-libros-de-madrid-el-hombre-nordico-tambien-existe\/","title":{"rendered":"Humor en la Noche de los Libros de Madrid: \u201cEl Hombre N\u00f3rdico Tambi\u00e9n Existe\u201d"},"content":{"rendered":"<div id=\"attachment_1852\" style=\"width: 440px\" class=\"wp-caption aligncenter\"><img loading=\"lazy\" decoding=\"async\" aria-describedby=\"caption-attachment-1852\" class=\" wp-image-1852\" title=\"The nordic countries Emilia Uutinen e Ignacio Garc\u00eda May en la Noche de los Libros\" src=\"http:\/\/thenordiccountries.com\/es\/wp-content\/uploads\/2013\/04\/The-nordic-countries-Emilia-Uutinen-e-Ignacio-Garc\u00eda-May-en-la-Noche-de-los-Libros1-1024x642.jpg\" alt=\"\" width=\"430\" height=\"270\" srcset=\"http:\/\/thenordiccountries.com\/es\/wp-content\/uploads\/2013\/04\/The-nordic-countries-Emilia-Uutinen-e-Ignacio-Garc\u00eda-May-en-la-Noche-de-los-Libros1-1024x642.jpg 1024w, http:\/\/thenordiccountries.com\/es\/wp-content\/uploads\/2013\/04\/The-nordic-countries-Emilia-Uutinen-e-Ignacio-Garc\u00eda-May-en-la-Noche-de-los-Libros1-300x188.jpg 300w\" sizes=\"auto, (max-width: 430px) 100vw, 430px\" \/><p id=\"caption-attachment-1852\" class=\"wp-caption-text\">El dramaturgo Ignacio Garc\u00eda May y la actriz Emilia Uutinen<\/p><\/div>\n<p style=\"text-align: justify;\">El pasado martes 23 de Abril, tuvo lugar en la Noche de los Libros de Madrid la lectura dramatizada \u201c<strong><em>El Hombre N\u00f3rdico Tambi\u00e9n Existe\u201d<\/em><\/strong> organizada por las embajadas de Noruega, Dinamarca, Finlandia y Suecia, por el Instituto Iberoamericano de Finlandia en colaboraci\u00f3n con la Librer\u00eda <em>Tierra de Fuego<\/em>, donde se leyeron textos de autores n\u00f3rdicos contempor\u00e1neos interpretados por la actriz finlandesa <strong>Emilia Uutinen<\/strong> y el dramaturgo espa\u00f1ol <strong>Ignacio Garc\u00eda May.<a href=\"http:\/\/thenordiccountries.com\/es\/wp-content\/uploads\/2013\/04\/The-nordic-countries-Emilia-Uutinen-e-Ignacio-Garc\u00eda-May.jpg\"><img loading=\"lazy\" decoding=\"async\" class=\"alignright size-medium wp-image-1849\" title=\"The nordic countries Emilia Uutinen e Ignacio Garc\u00eda May\" src=\"http:\/\/thenordiccountries.com\/es\/wp-content\/uploads\/2013\/04\/The-nordic-countries-Emilia-Uutinen-e-Ignacio-Garc\u00eda-May-300x199.jpg\" alt=\"\" width=\"300\" height=\"199\" srcset=\"http:\/\/thenordiccountries.com\/es\/wp-content\/uploads\/2013\/04\/The-nordic-countries-Emilia-Uutinen-e-Ignacio-Garc\u00eda-May-300x199.jpg 300w, http:\/\/thenordiccountries.com\/es\/wp-content\/uploads\/2013\/04\/The-nordic-countries-Emilia-Uutinen-e-Ignacio-Garc\u00eda-May-1024x680.jpg 1024w\" sizes=\"auto, (max-width: 300px) 100vw, 300px\" \/><\/a><\/strong><\/p>\n<p style=\"text-align: justify;\">El humor y la reflexi\u00f3n sobre la situaci\u00f3n espiritual del hombre n\u00f3rdico fueron los puntos dominantes de esta actuaci\u00f3n en la que se interpretaron \u00a0obras de autores como <strong>Peter Seeberg,<\/strong> <strong>Petri Tamminen,<\/strong> <strong>Ingvar Ambj\u00f8rnsen<\/strong> y <strong>Jonas Jonasson.<\/strong><\/p>\n","protected":false},"excerpt":{"rendered":"<p>El pasado martes 23 de Abril, tuvo lugar en la Noche de los Libros de Madrid la lectura dramatizada \u201cEl Hombre N\u00f3rdico Tambi\u00e9n Existe\u201d organizada por las embajadas de Noruega, Dinamarca, Finlandia y Suecia, por el Instituto Iberoamericano de Finlandia en colaboraci\u00f3n con la Librer\u00eda Tierra de Fuego, donde se leyeron textos de autores n\u00f3rdicos [&hellip;]<\/p>\n","protected":false},"author":1,"featured_media":1849,"comment_status":"open","ping_status":"open","sticky":false,"template":"","format":"standard","meta":{"footnotes":""},"categories":[7,69,432],"tags":[433,434],"class_list":["post-1847","post","type-post","status-publish","format-standard","has-post-thumbnail","hentry","category-actualidad","category-arte","category-teatro-nordico","tag-actriz-emilia-uutinen","tag-ignacio-garcia-may"],"_links":{"self":[{"href":"http:\/\/thenordiccountries.com\/es\/wp-json\/wp\/v2\/posts\/1847","targetHints":{"allow":["GET"]}}],"collection":[{"href":"http:\/\/thenordiccountries.com\/es\/wp-json\/wp\/v2\/posts"}],"about":[{"href":"http:\/\/thenordiccountries.com\/es\/wp-json\/wp\/v2\/types\/post"}],"author":[{"embeddable":true,"href":"http:\/\/thenordiccountries.com\/es\/wp-json\/wp\/v2\/users\/1"}],"replies":[{"embeddable":true,"href":"http:\/\/thenordiccountries.com\/es\/wp-json\/wp\/v2\/comments?post=1847"}],"version-history":[{"count":5,"href":"http:\/\/thenordiccountries.com\/es\/wp-json\/wp\/v2\/posts\/1847\/revisions"}],"predecessor-version":[{"id":1851,"href":"http:\/\/thenordiccountries.com\/es\/wp-json\/wp\/v2\/posts\/1847\/revisions\/1851"}],"wp:featuredmedia":[{"embeddable":true,"href":"http:\/\/thenordiccountries.com\/es\/wp-json\/wp\/v2\/media\/1849"}],"wp:attachment":[{"href":"http:\/\/thenordiccountries.com\/es\/wp-json\/wp\/v2\/media?parent=1847"}],"wp:term":[{"taxonomy":"category","embeddable":true,"href":"http:\/\/thenordiccountries.com\/es\/wp-json\/wp\/v2\/categories?post=1847"},{"taxonomy":"post_tag","embeddable":true,"href":"http:\/\/thenordiccountries.com\/es\/wp-json\/wp\/v2\/tags?post=1847"}],"curies":[{"name":"wp","href":"https:\/\/api.w.org\/{rel}","templated":true}]}}