{"id":1903,"date":"2014-11-09T10:45:55","date_gmt":"2014-11-09T10:45:55","guid":{"rendered":"http:\/\/thenordiccountries.com\/es\/?p=1903"},"modified":"2014-11-09T10:45:55","modified_gmt":"2014-11-09T10:45:55","slug":"el-foro-del-futuro-nordico-tuvo-lugar-en-finlandia-esta-semana","status":"publish","type":"post","link":"http:\/\/thenordiccountries.com\/es\/el-foro-del-futuro-nordico-tuvo-lugar-en-finlandia-esta-semana\/","title":{"rendered":"El Foro del Futuro N\u00f3rdico tuvo lugar en Finlandia esta semana"},"content":{"rendered":"<p><a href=\"http:\/\/thenordiccountries.com\/es\/wp-content\/uploads\/2014\/11\/northern-future-forum.jpg\"><img loading=\"lazy\" decoding=\"async\" class=\"aligncenter size-full wp-image-1904\" title=\"northern future forum\" src=\"http:\/\/thenordiccountries.com\/es\/wp-content\/uploads\/2014\/11\/northern-future-forum.jpg\" alt=\"\" width=\"340\" height=\"212\" srcset=\"http:\/\/thenordiccountries.com\/es\/wp-content\/uploads\/2014\/11\/northern-future-forum.jpg 340w, http:\/\/thenordiccountries.com\/es\/wp-content\/uploads\/2014\/11\/northern-future-forum-300x187.jpg 300w\" sizes=\"auto, (max-width: 340px) 100vw, 340px\" \/><\/a><\/p>\n<p>El Foro del Futuro N\u00f3rdico tuvo lugar en Espoo, Finlandia, el pasado 6 y 7 de noviembre.<\/p>\n<p>Coincidiendo con el voto de confianza parlamentaria finland\u00e9s, el primer ministro del pa\u00eds n\u00f3rdico, Alexander Stubb recibi\u00f3 en este evento los primeros ministros de los cinco pa\u00edses n\u00f3rdicos y de tres estados b\u00e1lticos as\u00ed como el primer ministro del Reino Unido, David Cameron.<\/p>\n<p>El motivo de la participaci\u00f3n del brit\u00e1nico David Cameron que se uni\u00f3 a los l\u00edderes de los ocho pa\u00edses de la regi\u00f3n escandinava B\u00e1ltico en Finlandia hoy, fue una lluvia de ideas acerca de la educaci\u00f3n y la innovaci\u00f3n de negocios, y las tasas correspondientes de cada pa\u00eds a la UE. El Foro del Futuro N\u00f3rdico se llev\u00f3 a cabo en la regi\u00f3n de la capital finlandesa, en la ciudad de Espoo, m\u00e1s espec\u00edficamente en Otaniemi.<\/p>\n<p>El futuro de las regiones del norte y la econom\u00eda se tratan en esta cumbre junto con los empresarios y acad\u00e9micos, siendo el principal foco de inter\u00e9s los nuevos tipos de negocios y la educaci\u00f3n para el futuro.<\/p>\n<p>El encuentro, que comenz\u00f3 ayer se celebr\u00f3 en la Universidad Aalto y reuni\u00f3 a un total de 80 expertos de los nueve pa\u00edses de la cumbre, todos miembros de la UE, a excepci\u00f3n de Noruega e Islandia.<\/p>\n","protected":false},"excerpt":{"rendered":"<p>El Foro del Futuro N\u00f3rdico tuvo lugar en Espoo, Finlandia, el pasado 6 y 7 de noviembre. Coincidiendo con el voto de confianza parlamentaria finland\u00e9s, el primer ministro del pa\u00eds n\u00f3rdico, Alexander Stubb recibi\u00f3 en este evento los primeros ministros de los cinco pa\u00edses n\u00f3rdicos y de tres estados b\u00e1lticos as\u00ed como el primer ministro [&hellip;]<\/p>\n","protected":false},"author":1,"featured_media":1904,"comment_status":"open","ping_status":"open","sticky":false,"template":"","format":"standard","meta":{"footnotes":""},"categories":[7,8],"tags":[443,444,55,441,442],"class_list":["post-1903","post","type-post","status-publish","format-standard","has-post-thumbnail","hentry","category-actualidad","category-noticias-de-finlandia","tag-alexander-stubb","tag-david-cameron","tag-educacion-en-finlandia","tag-el-foro-del-futuro-nordico-2014","tag-northern-future-forum-2014"],"_links":{"self":[{"href":"http:\/\/thenordiccountries.com\/es\/wp-json\/wp\/v2\/posts\/1903","targetHints":{"allow":["GET"]}}],"collection":[{"href":"http:\/\/thenordiccountries.com\/es\/wp-json\/wp\/v2\/posts"}],"about":[{"href":"http:\/\/thenordiccountries.com\/es\/wp-json\/wp\/v2\/types\/post"}],"author":[{"embeddable":true,"href":"http:\/\/thenordiccountries.com\/es\/wp-json\/wp\/v2\/users\/1"}],"replies":[{"embeddable":true,"href":"http:\/\/thenordiccountries.com\/es\/wp-json\/wp\/v2\/comments?post=1903"}],"version-history":[{"count":1,"href":"http:\/\/thenordiccountries.com\/es\/wp-json\/wp\/v2\/posts\/1903\/revisions"}],"predecessor-version":[{"id":1905,"href":"http:\/\/thenordiccountries.com\/es\/wp-json\/wp\/v2\/posts\/1903\/revisions\/1905"}],"wp:featuredmedia":[{"embeddable":true,"href":"http:\/\/thenordiccountries.com\/es\/wp-json\/wp\/v2\/media\/1904"}],"wp:attachment":[{"href":"http:\/\/thenordiccountries.com\/es\/wp-json\/wp\/v2\/media?parent=1903"}],"wp:term":[{"taxonomy":"category","embeddable":true,"href":"http:\/\/thenordiccountries.com\/es\/wp-json\/wp\/v2\/categories?post=1903"},{"taxonomy":"post_tag","embeddable":true,"href":"http:\/\/thenordiccountries.com\/es\/wp-json\/wp\/v2\/tags?post=1903"}],"curies":[{"name":"wp","href":"https:\/\/api.w.org\/{rel}","templated":true}]}}