{"id":368,"date":"2012-02-23T19:49:53","date_gmt":"2012-02-23T19:49:53","guid":{"rendered":"http:\/\/thenordiccountries.com\/es\/?p=368"},"modified":"2012-03-03T18:06:10","modified_gmt":"2012-03-03T18:06:10","slug":"personalidades-finlandesas-mannerheim-presidente-y-mariscal-finlandes","status":"publish","type":"post","link":"http:\/\/thenordiccountries.com\/es\/personalidades-finlandesas-mannerheim-presidente-y-mariscal-finlandes\/","title":{"rendered":"Personalidades Finlandesas: Mannerheim, Presidente y Mariscal Finland\u00e9s"},"content":{"rendered":"<p style=\"text-align: justify;\"><a href=\"http:\/\/thenordiccountries.com\/es\/wp-content\/uploads\/2012\/02\/528px-Talvisoda_marski-2.jpg\"><img loading=\"lazy\" decoding=\"async\" class=\"wp-image-383 alignleft\" title=\"528px-Talvisoda_marski-2\" src=\"http:\/\/thenordiccountries.com\/es\/wp-content\/uploads\/2012\/02\/528px-Talvisoda_marski-2.jpg\" alt=\"\" width=\"253\" height=\"287\" srcset=\"http:\/\/thenordiccountries.com\/es\/wp-content\/uploads\/2012\/02\/528px-Talvisoda_marski-2.jpg 528w, http:\/\/thenordiccountries.com\/es\/wp-content\/uploads\/2012\/02\/528px-Talvisoda_marski-2-264x300.jpg 264w\" sizes=\"auto, (max-width: 253px) 100vw, 253px\" \/><\/a><strong>Carl Gustav\u00a0Emil Mannerheim<\/strong>\u00a0(nacido en\u00a01867 en\u00a0Finlandia,\u00a0muri\u00f3 en 1951\u00a0en Lausana, Suiza) fue el sexto Presidente de\u00a0la Rep\u00fablica de Finlandia\u00a0(1944-46), el mariscal\u00a0de Finlandia, y\u00a0una de las personalidades\u00a0m\u00e1s importantes en relaci\u00f3n a la historia de la independencia Finlandesa, siendo\u00a0el Regente de Finlandia\u00a0en 1918-1919\u00a0despu\u00e9s de la guerra\u00a0civil finlandesa\u00a0seguido por\u00a0la independencia,\u00a0y el\u00a0Comandante en\u00a0Jefe de\u00a0las Fuerzas de Defensa\u00a0de Finlandia\u00a0durante las cuatro\u00a0guerras en las que Finlandia ha\u00a0participado desde\u00a0su independencia\u00a0en 1917.<\/p>\n<p style=\"text-align: justify;\">Mannerheim\u00a0naci\u00f3 en el\u00a0Principado ruso de Finlandia en una familia noble de\u00a0ra\u00edces\u00a0alemanas y de habla sueca.\u00a0Tercer hijo de una familia aristocr\u00e1tica tradicional en la que el hijo mayor hereda el t\u00edtulo de conde y el hijo m\u00e1s joven del t\u00edtulo de bar\u00f3n, fue bautizado Carl Gustaf Emil. Aunque durante toda su vida, Mannerheim usar\u00eda su segundo nombre, Gustavo.<\/p>\n<p style=\"text-align: justify;\">Adem\u00e1s de su lengua materna, el sueco, hablaba ruso, alem\u00e1n, Ingl\u00e9s y Polaco, y siempre utiliz\u00f3 el franc\u00e9s con su esposa e hijos.\u00a0Parad\u00f3jicamente, nunca habl\u00f3 el finland\u00e9s con fluidez.<\/p>\n<p style=\"text-align: justify;\">De joven hizo\u00a0su carrera\u00a0en el Ej\u00e9rcito Imperial\u00a0Ruso, sirviendo\u00a0\u00a0durante casi treinta a\u00f1os para dicho ej\u00e9rcito luchando en la\u00a0guerra ruso-japonesa\u00a0y en\u00a0la Primera Guerra Mundial, y as\u00ed conseguiendo un\u00a0lugar destacado\u00a0junto con el\u00a0Zar Nicol\u00e1s II\u00a0de Rusia.\u00a0Fue en San Petersburgo, donde conoci\u00f3 a su esposa, Arapova Anastasia, la hija de un general ruso.\u00a0Dos hijas nacieron de este matrimonio: Sof\u00eda y Anastasia.\u00a0Mannerheim se divorci\u00f3 en 1919, habiendo vivido separado de su esposa desde 1902.<\/p>\n<p style=\"text-align: justify;\">Despu\u00e9s de la guerra ruso-japonesa Mannerheim regres\u00f3 a Suecia y Finlandia (1905-1906) para ver que la primera revoluci\u00f3n en Rusia hab\u00eda influido mucho en los pa\u00edses n\u00f3rdicos.\u00a0Mannerheim particip\u00f3, como representante de la nobleza durante la &#8220;Dieta de Finlandia&#8221; a las reformas aprobadas por dicha instancia, estableciendo el principio de un nuevo parlamento unicameral, el sufragio universal y la elegibilidad para todos los hombres\u00a0y las mujeres que tienen m\u00e1s de 21 a\u00f1os.<\/p>\n<p style=\"text-align: justify;\">Despu\u00e9s de la revoluci\u00f3n bolchevique, Finlandia\u00a0se declar\u00f3\u00a0independiente, pero\u00a0las diferencias pol\u00edticas\u00a0arrastraron al pa\u00eds a\u00a0una guerra civil entre\u00a0los socialistas y\u00a0los\u00a0&#8220;blancos&#8221;\u00a0de los cuales\u00a0Mannerheim\u00a0sirvi\u00f3 como\u00a0el jefe militar.Despu\u00e9s de la\u00a0victoria del ej\u00e9rcito\u00a0blanco sobre\u00a0el ej\u00e9rcito rojo\u00a0finland\u00e9s\u00a0,\u00a0Mannerheim\u00a0fue declarado regente de\u00a0Finlandia,\u00a0renunciando a su puesto como comandante en jefe.\u00a0Algunos\u00a0mon\u00e1rquicos\u00a0hubiera querido\u00a0que \u00e9l fuera el\u00a0rey de\u00a0Finlandia, cosa que\u00a0result\u00f3 ser\u00a0imposible, manteniendo Finlandia su estado republicano.<\/p>\n<div id=\"gt-res-wrap\">\n<div id=\"gt-res-content\">\n<div style=\"text-align: justify;\" dir=\"ltr\">En 1919, Mannerheim participa como candidato en las primeras elecciones presidenciales de la Finlandia independiente, pero pierde frente a Kaarlo Juho St\u00e5hlberg, retir\u00e1ndose de la vida p\u00fablica temporalmente.Entre las dos guerras mundiales, Mannerheim lleva a cabo trabajo humanista, manteniendo a la Cruz Roja Finlandesa y la creando la Fundaci\u00f3n Mannerheim para los ni\u00f1os.<\/p>\n<p>El Presidente\u00a0Pehr Evind Svinhufvud\u00a0nombra a Mannerheim Presidente del Consejo de Defensa de Finlandia en 1931, y en 1933 Mannerheim recibi\u00f3 el t\u00edtulo honor\u00edfico de Mariscal de Finlandia. La labor de Mannerheim en la cabeza de la defensa finlandesa es intentar conseguir una uni\u00f3n de defensa militar con Suecia, intento que resulta fallido. Preocupado por el d\u00e9bil estado de la defensa de su pa\u00eds en un momento hist\u00f3rico delicado a las puertas de segunda Guerra Mundial y de\u00a0la invasi\u00f3n de Finlandia por parte de la Uni\u00f3n Sovi\u00e9tica,\u00a0Mannerheim es nombrado de nuevo comandante en jefe del ejercito finland\u00e9s en 1939.<\/p>\n<\/div>\n<div dir=\"ltr\"><\/div>\n<\/div>\n<div id=\"gt-res-tools\">\n<div id=\"gt-src-tools-l\"><\/div>\n<div id=\"gt-res-tools-r\">\n<div id=\"gt-res-listen\" data-tooltip=\"Escuchar\" data-tooltip-align=\"t,c\"><\/div>\n<div id=\"gt-res-rate\" data-tooltip=\"Valorar traducci\u00f3n\" data-tooltip-align=\"t,c\"><\/div>\n<\/div>\n<\/div>\n<\/div>\n","protected":false},"excerpt":{"rendered":"<p>Carl Gustav\u00a0Emil Mannerheim\u00a0(nacido en\u00a01867 en\u00a0Finlandia,\u00a0muri\u00f3 en 1951\u00a0en Lausana, Suiza) fue el sexto Presidente de\u00a0la Rep\u00fablica de Finlandia\u00a0(1944-46), el mariscal\u00a0de Finlandia, y\u00a0una de las personalidades\u00a0m\u00e1s importantes en relaci\u00f3n a la historia de la independencia Finlandesa, siendo\u00a0el Regente de Finlandia\u00a0en 1918-1919\u00a0despu\u00e9s de la guerra\u00a0civil finlandesa\u00a0seguido por\u00a0la independencia,\u00a0y el\u00a0Comandante en\u00a0Jefe de\u00a0las Fuerzas de Defensa\u00a0de Finlandia\u00a0durante las cuatro\u00a0guerras en [&hellip;]<\/p>\n","protected":false},"author":1,"featured_media":383,"comment_status":"open","ping_status":"open","sticky":false,"template":"","format":"standard","meta":{"footnotes":""},"categories":[77,78,88,89],"tags":[87,79,455],"class_list":["post-368","post","type-post","status-publish","format-standard","has-post-thumbnail","hentry","category-historia","category-historia-de-finlandia-categoria","category-monograficos","category-personalidades-finlandesas","tag-finnish-personalities","tag-historia-de-finlandia","tag-monograficos"],"_links":{"self":[{"href":"http:\/\/thenordiccountries.com\/es\/wp-json\/wp\/v2\/posts\/368","targetHints":{"allow":["GET"]}}],"collection":[{"href":"http:\/\/thenordiccountries.com\/es\/wp-json\/wp\/v2\/posts"}],"about":[{"href":"http:\/\/thenordiccountries.com\/es\/wp-json\/wp\/v2\/types\/post"}],"author":[{"embeddable":true,"href":"http:\/\/thenordiccountries.com\/es\/wp-json\/wp\/v2\/users\/1"}],"replies":[{"embeddable":true,"href":"http:\/\/thenordiccountries.com\/es\/wp-json\/wp\/v2\/comments?post=368"}],"version-history":[{"count":8,"href":"http:\/\/thenordiccountries.com\/es\/wp-json\/wp\/v2\/posts\/368\/revisions"}],"predecessor-version":[{"id":415,"href":"http:\/\/thenordiccountries.com\/es\/wp-json\/wp\/v2\/posts\/368\/revisions\/415"}],"wp:featuredmedia":[{"embeddable":true,"href":"http:\/\/thenordiccountries.com\/es\/wp-json\/wp\/v2\/media\/383"}],"wp:attachment":[{"href":"http:\/\/thenordiccountries.com\/es\/wp-json\/wp\/v2\/media?parent=368"}],"wp:term":[{"taxonomy":"category","embeddable":true,"href":"http:\/\/thenordiccountries.com\/es\/wp-json\/wp\/v2\/categories?post=368"},{"taxonomy":"post_tag","embeddable":true,"href":"http:\/\/thenordiccountries.com\/es\/wp-json\/wp\/v2\/tags?post=368"}],"curies":[{"name":"wp","href":"https:\/\/api.w.org\/{rel}","templated":true}]}}