{"id":432,"date":"2012-02-27T17:39:32","date_gmt":"2012-02-27T17:39:32","guid":{"rendered":"http:\/\/thenordiccountries.com\/es\/?p=432"},"modified":"2012-02-27T17:39:32","modified_gmt":"2012-02-27T17:39:32","slug":"nacimiento-real-en-suecia-la-princesa-estelle","status":"publish","type":"post","link":"http:\/\/thenordiccountries.com\/es\/nacimiento-real-en-suecia-la-princesa-estelle\/","title":{"rendered":"Nacimiento Real en Suecia- La Princesa Estelle"},"content":{"rendered":"<p style=\"text-align: justify;\"><a href=\"http:\/\/thenordiccountries.com\/es\/wp-content\/uploads\/2012\/02\/The-Nordic-Countries-La-Princesa-Estelle-de-Suecia.jpeg\"><img loading=\"lazy\" decoding=\"async\" class=\"aligncenter size-full wp-image-433\" title=\"The Nordic Countries La Princesa Estelle de Suecia\" src=\"http:\/\/thenordiccountries.com\/es\/wp-content\/uploads\/2012\/02\/The-Nordic-Countries-La-Princesa-Estelle-de-Suecia.jpeg\" alt=\"\" width=\"560\" height=\"442\" srcset=\"http:\/\/thenordiccountries.com\/es\/wp-content\/uploads\/2012\/02\/The-Nordic-Countries-La-Princesa-Estelle-de-Suecia.jpeg 560w, http:\/\/thenordiccountries.com\/es\/wp-content\/uploads\/2012\/02\/The-Nordic-Countries-La-Princesa-Estelle-de-Suecia-300x236.jpg 300w\" sizes=\"auto, (max-width: 560px) 100vw, 560px\" \/><\/a>Los princesa heredera de Suecia, Victoria dio a luz a una ni\u00f1a el pasado 23 de Febrero en el Hospital Karolinska de Estocolmo, en compa\u00f1ia de su marido, el pr\u00edncipe Daniel. La infanta y la madre se encuentran ambas bien. El nombre de \u00a0la reci\u00e9n nacida es Estelle\u00a0Silvia Ewa Mary, y al ser la primog\u00e9nita de la pareja real, la peque\u00f1a infanta se convierte autom\u00e1ticamente en princesa heredera, como su madre, prediciendo para Suecia una sucesi\u00f3n mon\u00e1rquica de al menos dos reinas seguidas, tras el reinado del actual monarca Sueco Carl Gustav.<\/p>\n<p style=\"text-align: justify;\">La casa real Sueca ha publicado hoy una foto reci\u00e9n sacada de la infanta con tan s\u00f3lo cuatro d\u00edas de vida (arriba). Los orgullosos padres se declaran muy felices en esta nueva situaci\u00f3n familiar frente a la que se encuentran.<\/p>\n","protected":false},"excerpt":{"rendered":"<p>Los princesa heredera de Suecia, Victoria dio a luz a una ni\u00f1a el pasado 23 de Febrero en el Hospital Karolinska de Estocolmo, en compa\u00f1ia de su marido, el pr\u00edncipe Daniel. La infanta y la madre se encuentran ambas bien. El nombre de \u00a0la reci\u00e9n nacida es Estelle\u00a0Silvia Ewa Mary, y al ser la primog\u00e9nita [&hellip;]<\/p>\n","protected":false},"author":1,"featured_media":433,"comment_status":"open","ping_status":"open","sticky":false,"template":"","format":"standard","meta":{"footnotes":""},"categories":[7,93],"tags":[96,456,95,94],"class_list":["post-432","post","type-post","status-publish","format-standard","has-post-thumbnail","hentry","category-actualidad","category-noticias-de-suecia","tag-nacimiento-real-en-suecia","tag-noticias-de-suecia","tag-princesa-estelle","tag-princesa-victoria"],"_links":{"self":[{"href":"http:\/\/thenordiccountries.com\/es\/wp-json\/wp\/v2\/posts\/432","targetHints":{"allow":["GET"]}}],"collection":[{"href":"http:\/\/thenordiccountries.com\/es\/wp-json\/wp\/v2\/posts"}],"about":[{"href":"http:\/\/thenordiccountries.com\/es\/wp-json\/wp\/v2\/types\/post"}],"author":[{"embeddable":true,"href":"http:\/\/thenordiccountries.com\/es\/wp-json\/wp\/v2\/users\/1"}],"replies":[{"embeddable":true,"href":"http:\/\/thenordiccountries.com\/es\/wp-json\/wp\/v2\/comments?post=432"}],"version-history":[{"count":1,"href":"http:\/\/thenordiccountries.com\/es\/wp-json\/wp\/v2\/posts\/432\/revisions"}],"predecessor-version":[{"id":434,"href":"http:\/\/thenordiccountries.com\/es\/wp-json\/wp\/v2\/posts\/432\/revisions\/434"}],"wp:featuredmedia":[{"embeddable":true,"href":"http:\/\/thenordiccountries.com\/es\/wp-json\/wp\/v2\/media\/433"}],"wp:attachment":[{"href":"http:\/\/thenordiccountries.com\/es\/wp-json\/wp\/v2\/media?parent=432"}],"wp:term":[{"taxonomy":"category","embeddable":true,"href":"http:\/\/thenordiccountries.com\/es\/wp-json\/wp\/v2\/categories?post=432"},{"taxonomy":"post_tag","embeddable":true,"href":"http:\/\/thenordiccountries.com\/es\/wp-json\/wp\/v2\/tags?post=432"}],"curies":[{"name":"wp","href":"https:\/\/api.w.org\/{rel}","templated":true}]}}