{"id":470,"date":"2012-03-03T14:46:50","date_gmt":"2012-03-03T14:46:50","guid":{"rendered":"http:\/\/thenordiccountries.com\/es\/?p=470"},"modified":"2012-03-03T14:48:53","modified_gmt":"2012-03-03T14:48:53","slug":"la-marcha-nordica","status":"publish","type":"post","link":"http:\/\/thenordiccountries.com\/es\/la-marcha-nordica\/","title":{"rendered":"La Marcha N\u00f3rdica"},"content":{"rendered":"<div id=\"gt-res-wrap\">\n<div id=\"gt-res-content\">\n<div style=\"text-align: justify;\" dir=\"ltr\"><strong>La Marcha N\u00f3rdica, o Caminata N\u00f3rdica\u00a0<\/strong>es un tipo de entrenamiento f\u00edsico que se basa en las caminatas regulares.\u00a0La diferencia clave es que la Marcha N\u00f3rdica utiliza palos\u00a0n\u00f3rdicos\u00a0especialmente dise\u00f1ados para \u00a0para mejorar la experiencia de caminar.\u00a0Con el uso de estos palos, la Marcha N\u00f3rdica permite a los usuarios de ejercer o capacitar m\u00e1s partes de su cuerpo en comparaci\u00f3n con las caminatas regulares.\u00a0Los <a title=\"Musculaci\u00f3n en SpainFitness\" href=\"http:\/\/www.spainfitness.com\/musculacion.html\" target=\"_blank\">m\u00fasculos<\/a> tales como los m\u00fasculos de los hombros, pectorales, b\u00edceps, tr\u00edceps, y el n\u00facleo o en los m\u00fasculos abdominales est\u00e1n mucho m\u00e1s comprometidos en este ejercicio. La investigaci\u00f3n y pruebas reales han demostrado que ejerciendo la Marcha N\u00f3rdica se puede aumentar la energ\u00eda utilizada por una persona hasta en un 46% en comparaci\u00f3n con caminar sin palos n\u00f3rdicos.\u00a0Esto se traduce en m\u00e1s calor\u00edas quemadas para cada individuo.\u00a0Adem\u00e1s, la Marcha N\u00f3rdica tambi\u00e9n se ha demostrado como un buen ejercicio para mejorar la resistencia muscular, especialmente en la parte superior del cuerpo, por tanto como 38% en tan s\u00f3lo doce semanas.<\/div>\n<div dir=\"ltr\"><img loading=\"lazy\" decoding=\"async\" class=\"size-medium wp-image-472 alignleft\" title=\"The Nordic Countries Nordic Walking\" src=\"http:\/\/thenordiccountries.com\/es\/wp-content\/uploads\/2012\/03\/The-Nordic-Countries-Nordic-Walking-300x225.jpg\" alt=\"\" width=\"300\" height=\"225\" srcset=\"http:\/\/thenordiccountries.com\/es\/wp-content\/uploads\/2012\/03\/The-Nordic-Countries-Nordic-Walking-300x225.jpg 300w, http:\/\/thenordiccountries.com\/es\/wp-content\/uploads\/2012\/03\/The-Nordic-Countries-Nordic-Walking-1024x768.jpg 1024w, http:\/\/thenordiccountries.com\/es\/wp-content\/uploads\/2012\/03\/The-Nordic-Countries-Nordic-Walking-200x150.jpg 200w, http:\/\/thenordiccountries.com\/es\/wp-content\/uploads\/2012\/03\/The-Nordic-Countries-Nordic-Walking.jpg 2048w\" sizes=\"auto, (max-width: 300px) 100vw, 300px\" \/><\/p>\n<p style=\"text-align: justify;\">La Marcha N\u00f3rdica tiene muchos otros beneficios para la <a title=\"Salud en SpainFitness\" href=\"http:\/\/www.spainfitness.com\/salud.html\" target=\"_blank\">salud<\/a>.\u00a0Por un lado, aumenta el ritmo card\u00edaco mucho m\u00e1s eficazmente que el caminar regular, incluso a velocidades distintas.\u00a0Esto ayuda a darle al cuerpo un entrenamiento aer\u00f3bico mucho mayor y a su vez mejora la eficiencia vascular del sistema circulatorio, mejorando tambi\u00e9n el suministro de sangre y\u00a0ox\u00edgeno a los diferentes \u00f3rganos del cuerpo.\u00a0Por otra parte, la Marcha N\u00f3rdica reduce significativamente la cantidad de estr\u00e9s y presi\u00f3n que es absorbida por la parte inferior del cuerpo cuando se camina sin los palos n\u00f3rdicos.\u00a0Gran parte del peso total del cuerpo se distribuye a los m\u00fasculos superiores del cuerpo en la marcha n\u00f3rdica, mientras que\u00a0en las caminatas regulares\u00a0todo el peso del cuerpo es absorbido por las caderas, las rodillas y los tobillos. Esta menor tensi\u00f3n disminuye la cantidad de desgaste que estas articulaciones sufren con cada paso. Por tanto, la Marcha N\u00f3rdica hace que caminar sea mucho m\u00e1s agradable, \u00a0lo que permite al individuo caminar mucho m\u00e1s lejos y hacer <a title=\"Ejercicio en SpainFitness\" href=\"http:\/\/www.spainfitness.com\/ejercicios.html\" target=\"_blank\">ejercicio<\/a> durante un per\u00edodo de tiempo m\u00e1s largo.<\/p>\n<p style=\"text-align: justify;\">La Marcha N\u00f3rdica fue oficialmente presentado como un r\u00e9gimen de ejercicios en 1997 por el finland\u00e9s Marko Kantaneva.\u00a0\u00c9l desarroll\u00f3 el concepto basado en las actividades fuera de la temporada de entrenamiento para los esquiadores.\u00a0Dentro de este concepto, cre\u00f3 la definici\u00f3n de la Marcha N\u00f3rdica y las instrucciones sobre la manera correcta de hacerlo.\u00a0Tambi\u00e9n dio las razones sobre por qu\u00e9 este ejercicio es una\u00a0buena\u00a0opci\u00f3n para mantenerse en forma en t\u00e9rminos de beneficios fisiol\u00f3gicos.\u00a0Por \u00faltimo, proporcion\u00f3 las especificaciones necesarias para la fabricaci\u00f3n de los polos que se necesitan para hacer el ejercicio de la Marcha N\u00f3rdica con eficacia.<\/p>\n<p style=\"text-align: justify;\">Los\u00a0primeros\u00a0polos n\u00f3rdicos para\u00a0caminar\u00a0disponibles en el mercado fueron fabricados y distribuidos por una empresa de deportes llamado Exel en 1997.\u00a0Ellos tambi\u00e9n son responsables de haber acu\u00f1ado el t\u00e9rmino &#8220;Marcha N\u00f3rdica&#8221; o &#8220;Nordic Walking&#8221; a trav\u00e9s de un folleto de marketing que utilizaron en 1999.\u00a0La especificaci\u00f3n de estos palos es muy importante para la marcha n\u00f3rdica, ya que \u00e9stos determinan la eficiencia y la eficacia de la caminata.\u00a0Adem\u00e1s, utilizando palos de la longitud\u00a0o tama\u00f1o\u00a0incorrectos, podr\u00eda causar malestar o incluso <a title=\"Lesiones en SpainFitness\" href=\"http:\/\/www.spainfitness.com\/mitos-y-creencias-erroneas\/articulo\/como-evitar-lesiones.html\" target=\"_blank\">lesiones<\/a> al usuario.\u00a0Por lo tanto, lo mejor es utilizar el telesc\u00f3pico ajustable o bastones de Marcha N\u00f3rdica.\u00a0Estos postes est\u00e1n hechos de dos partes y tienen un mecanismo de bloqueo con giro que permite al usuario ajustar el poste a la longitud exacta necesaria para adaptarse a sus necesidades particulares.<\/p>\n<p style=\"text-align: justify;\">Escrito por <a title=\"Deportes y salud en spainfitness.com\" href=\"http:\/\/www.spainfitness.com\/\" target=\"_blank\">SpainFitness<\/a><\/p>\n<div style=\"text-align: justify;\"><\/div>\n<\/div>\n<\/div>\n<div id=\"gt-res-tools\">\n<div id=\"gt-src-tools-l\"><\/div>\n<div id=\"gt-res-tools-r\">\n<div id=\"gt-res-listen\" data-tooltip=\"Escuchar\" data-tooltip-align=\"t,c\"><\/div>\n<div id=\"gt-res-rate\" data-tooltip=\"Valorar traducci\u00f3n\" data-tooltip-align=\"t,c\"><\/div>\n<\/div>\n<\/div>\n<\/div>\n","protected":false},"excerpt":{"rendered":"<p>La Marcha N\u00f3rdica, o Caminata N\u00f3rdica\u00a0es un tipo de entrenamiento f\u00edsico que se basa en las caminatas regulares.\u00a0La diferencia clave es que la Marcha N\u00f3rdica utiliza palos\u00a0n\u00f3rdicos\u00a0especialmente dise\u00f1ados para \u00a0para mejorar la experiencia de caminar.\u00a0Con el uso de estos palos, la Marcha N\u00f3rdica permite a los usuarios de ejercer o capacitar m\u00e1s partes de su [&hellip;]<\/p>\n","protected":false},"author":1,"featured_media":472,"comment_status":"open","ping_status":"open","sticky":false,"template":"","format":"standard","meta":{"footnotes":""},"categories":[57,98],"tags":[457,100,99],"class_list":["post-470","post","type-post","status-publish","format-standard","has-post-thumbnail","hentry","category-cultura-nordica","category-deportes-nordicos","tag-deportes-nordicos","tag-marcha-con-palos","tag-marcha-nordica"],"_links":{"self":[{"href":"http:\/\/thenordiccountries.com\/es\/wp-json\/wp\/v2\/posts\/470","targetHints":{"allow":["GET"]}}],"collection":[{"href":"http:\/\/thenordiccountries.com\/es\/wp-json\/wp\/v2\/posts"}],"about":[{"href":"http:\/\/thenordiccountries.com\/es\/wp-json\/wp\/v2\/types\/post"}],"author":[{"embeddable":true,"href":"http:\/\/thenordiccountries.com\/es\/wp-json\/wp\/v2\/users\/1"}],"replies":[{"embeddable":true,"href":"http:\/\/thenordiccountries.com\/es\/wp-json\/wp\/v2\/comments?post=470"}],"version-history":[{"count":4,"href":"http:\/\/thenordiccountries.com\/es\/wp-json\/wp\/v2\/posts\/470\/revisions"}],"predecessor-version":[{"id":474,"href":"http:\/\/thenordiccountries.com\/es\/wp-json\/wp\/v2\/posts\/470\/revisions\/474"}],"wp:featuredmedia":[{"embeddable":true,"href":"http:\/\/thenordiccountries.com\/es\/wp-json\/wp\/v2\/media\/472"}],"wp:attachment":[{"href":"http:\/\/thenordiccountries.com\/es\/wp-json\/wp\/v2\/media?parent=470"}],"wp:term":[{"taxonomy":"category","embeddable":true,"href":"http:\/\/thenordiccountries.com\/es\/wp-json\/wp\/v2\/categories?post=470"},{"taxonomy":"post_tag","embeddable":true,"href":"http:\/\/thenordiccountries.com\/es\/wp-json\/wp\/v2\/tags?post=470"}],"curies":[{"name":"wp","href":"https:\/\/api.w.org\/{rel}","templated":true}]}}