{"id":505,"date":"2012-03-05T20:08:50","date_gmt":"2012-03-05T20:08:50","guid":{"rendered":"http:\/\/thenordiccountries.com\/es\/?p=505"},"modified":"2012-03-07T02:26:55","modified_gmt":"2012-03-07T02:26:55","slug":"el-ex-primer-ministro-islandes-geir-haarde-en-juicio-estatal","status":"publish","type":"post","link":"http:\/\/thenordiccountries.com\/es\/el-ex-primer-ministro-islandes-geir-haarde-en-juicio-estatal\/","title":{"rendered":"El Ex- Primer Ministro Island\u00e9s, Geir Haarde en Juicio Estatal"},"content":{"rendered":"<p style=\"text-align: justify;\"><a href=\"http:\/\/thenordiccountries.com\/fr\/wp-content\/uploads\/2012\/03\/The-Nordic-Countries-Geir-Haarde-.jpg\"><img loading=\"lazy\" decoding=\"async\" class=\"alignleft\" title=\"061011-F-5586B-010\" src=\"http:\/\/thenordiccountries.com\/fr\/wp-content\/uploads\/2012\/03\/The-Nordic-Countries-Geir-Haarde-.jpg\" alt=\"\" width=\"200\" height=\"200\" \/><\/a>Contin\u00faa en Islandia el juicio del ex Primer Ministro Geir Haarde al que se le acusa por negligencia en su actuaci\u00f3n frente a la crisis econ\u00f3mica mundial que afect\u00f3 de sobremanera al peque\u00f1o pa\u00eds n\u00f3rdico de Islandia. En 2008 el sistema bancario island\u00e9s sufri\u00f3 un colapso determinante llevando al pa\u00eds al borde de la bancarrota.<\/p>\n<p style=\"text-align: justify;\">El tribunal estatal Island\u00e9s, llamado Landsd\u00f3mur, no hab\u00eda actuado nunca en su historia, que comenz\u00f3 desde su creaci\u00f3n en 1905. Ahora, sin embargo, el parlamento island\u00e9s ha decidido actuar y ha convocado este tribunal para tratar la acusaci\u00f3n de Haarde. Cuatro ministros de su gobierno tambi\u00e9n fueron investigados, pero al final el \u00fanico acusado que se sentar\u00e1 en el banquillo ser\u00e1 el ex Primer Ministro.<\/p>\n<p style=\"text-align: justify;\">Geir Haarde est\u00e1 siendo acusado, entre otras cosas, por la ca\u00edda del banco IceSave, al no haber, presuntamente, cumplido la ley sobre la responsabilidad de los ministros y por no haber hecho caso a las advertencias procedentes del sector bancario en los momentos anteriores al estallido de la crisis. Es el primer Primer Ministro Island\u00e9s en enfrentarse a los tribunales estatales.<\/p>\n<p style=\"text-align: justify;\">El propio Haarde se declara inocente bas\u00e1ndose seg\u00fan \u00e9l en que &#8220;las acusaciones no tienen fundamentos&#8221;. De hecho su defensa est\u00e1 basando su argumentaci\u00f3n en el planteamiento de que el presente juicio es un mero proceso pol\u00edtico y una campa\u00f1a de desprestigio a Haarde y si l\u00ednea pol\u00edtica. La defensa de Haarde afirma que el ex- Primer Ministro no pudo tener poder de decisi\u00f3n en las empresas privadas bancarias por su estatus de pol\u00edtico y que la gesti\u00f3n que \u00e9ste hizo a las puertas de la crisis no fue la raz\u00f3n por la que se cay\u00f3 el base de la actividad bancaria islandesa en 2008.<\/p>\n<p style=\"text-align: justify;\">Sin embargo, de ser juzgado Haarde se enfrentar\u00eda a una posible pena de dos a\u00f1os de c\u00e1rcel. La duraci\u00f3n prevista del juicio son 10 d\u00edas.<\/p>\n<p style=\"text-align: justify;\">La opini\u00f3n de los islandeses en el asunto ha variado, ya que hace un a\u00f1o dos tercios de los habitantes estaban a favor del proceso, y hoy s\u00f3lo lo est\u00e1 la mitad de la poblaci\u00f3n islandesa.<\/p>\n<p style=\"text-align: justify;\">Un dato contradictorio sobre este juicio es que, al parecer en Islandia Haarde es el \u00fanico pol\u00edtico que est\u00e1 siendo acusado de su gesti\u00f3n en la crisis y, aunque se han abierto varios casos por corrupci\u00f3n contra directivos en esta misma materia, ning\u00fan due\u00f1o de un banco island\u00e9s ha sido afectado por el momento.<\/p>\n<div style=\"text-align: justify;\"><\/div>\n","protected":false},"excerpt":{"rendered":"<p>Contin\u00faa en Islandia el juicio del ex Primer Ministro Geir Haarde al que se le acusa por negligencia en su actuaci\u00f3n frente a la crisis econ\u00f3mica mundial que afect\u00f3 de sobremanera al peque\u00f1o pa\u00eds n\u00f3rdico de Islandia. En 2008 el sistema bancario island\u00e9s sufri\u00f3 un colapso determinante llevando al pa\u00eds al borde de la bancarrota. [&hellip;]<\/p>\n","protected":false},"author":1,"featured_media":507,"comment_status":"open","ping_status":"open","sticky":false,"template":"","format":"standard","meta":{"footnotes":""},"categories":[7,104],"tags":[108,110,109],"class_list":["post-505","post","type-post","status-publish","format-standard","has-post-thumbnail","hentry","category-actualidad","category-noticias-de-islandia","tag-geir-haarde","tag-juicio-estatal-islandes","tag-primer-ministro-islandes"],"_links":{"self":[{"href":"http:\/\/thenordiccountries.com\/es\/wp-json\/wp\/v2\/posts\/505","targetHints":{"allow":["GET"]}}],"collection":[{"href":"http:\/\/thenordiccountries.com\/es\/wp-json\/wp\/v2\/posts"}],"about":[{"href":"http:\/\/thenordiccountries.com\/es\/wp-json\/wp\/v2\/types\/post"}],"author":[{"embeddable":true,"href":"http:\/\/thenordiccountries.com\/es\/wp-json\/wp\/v2\/users\/1"}],"replies":[{"embeddable":true,"href":"http:\/\/thenordiccountries.com\/es\/wp-json\/wp\/v2\/comments?post=505"}],"version-history":[{"count":4,"href":"http:\/\/thenordiccountries.com\/es\/wp-json\/wp\/v2\/posts\/505\/revisions"}],"predecessor-version":[{"id":509,"href":"http:\/\/thenordiccountries.com\/es\/wp-json\/wp\/v2\/posts\/505\/revisions\/509"}],"wp:featuredmedia":[{"embeddable":true,"href":"http:\/\/thenordiccountries.com\/es\/wp-json\/wp\/v2\/media\/507"}],"wp:attachment":[{"href":"http:\/\/thenordiccountries.com\/es\/wp-json\/wp\/v2\/media?parent=505"}],"wp:term":[{"taxonomy":"category","embeddable":true,"href":"http:\/\/thenordiccountries.com\/es\/wp-json\/wp\/v2\/categories?post=505"},{"taxonomy":"post_tag","embeddable":true,"href":"http:\/\/thenordiccountries.com\/es\/wp-json\/wp\/v2\/tags?post=505"}],"curies":[{"name":"wp","href":"https:\/\/api.w.org\/{rel}","templated":true}]}}