{"id":722,"date":"2012-03-20T12:57:49","date_gmt":"2012-03-20T12:57:49","guid":{"rendered":"http:\/\/thenordiccountries.com\/es\/?p=722"},"modified":"2012-03-23T16:06:22","modified_gmt":"2012-03-23T16:06:22","slug":"la-esquiadora-sueca-anja-parson-anuncia-su-retirada","status":"publish","type":"post","link":"http:\/\/thenordiccountries.com\/es\/la-esquiadora-sueca-anja-parson-anuncia-su-retirada\/","title":{"rendered":"La Esquiadora Sueca Anja P\u00e4rson Anuncia su Retirada"},"content":{"rendered":"<p style=\"text-align: justify;\"><a href=\"http:\/\/thenordiccountries.com\/es\/wp-content\/uploads\/2012\/03\/The-Nordic-Countries-Anja-P\u00e4rson.jpg\"><img loading=\"lazy\" decoding=\"async\" class=\" wp-image-723 aligncenter\" title=\"The Nordic Countries Anja P\u00e4rson\" src=\"http:\/\/thenordiccountries.com\/es\/wp-content\/uploads\/2012\/03\/The-Nordic-Countries-Anja-P\u00e4rson.jpg\" alt=\"\" width=\"360\" height=\"480\" srcset=\"http:\/\/thenordiccountries.com\/es\/wp-content\/uploads\/2012\/03\/The-Nordic-Countries-Anja-P\u00e4rson.jpg 450w, http:\/\/thenordiccountries.com\/es\/wp-content\/uploads\/2012\/03\/The-Nordic-Countries-Anja-P\u00e4rson-225x300.jpg 225w\" sizes=\"auto, (max-width: 360px) 100vw, 360px\" \/><\/a>La esquiadora alpinista sueca <strong>Anja P\u00e4rson<\/strong>\u00a0ha anunciado que se retirar\u00e1 del esqu\u00ed tras finalizar el campeonato de \u00a0Copa del Mundo de\u00a0Schladming esta semana.<\/p>\n<p style=\"text-align: justify;\"><strong>Ganadora de oro ol\u00edmpico, siete veces campeona del mundo y dos veces campeona de la Copa de Mundo de esqu\u00ed alpino<\/strong>, la esquiadora de 30 a\u00f1os ha decidido terminar su carrera debido a las lesiones en los cart\u00edlagos de sus rodillas que la impiden llegar a su m\u00e1ximo rendimiento y por la sencilla decisi\u00f3n de mover adelante en su vida porque, seg\u00fan ella, se lo pide &#8220;tanto el cuerpo como la mente&#8221;. P\u00e4rson destaca el lunes de la semana pasada en su web oficial que su carrera ha sido fant\u00e1stica y que ha conseguido m\u00e1s de los que nunca hubiera podido so\u00f1ar.<\/p>\n<p style=\"text-align: justify;\">P\u00e4rson naci\u00f3 en el a\u00f1o 1981 en la ciudad sueca de Ume\u00e5 y fue introducida de ni\u00f1a en el mundo del esqu\u00ed por su hermana, Frida y fue entrenada por su propio padre, Anders. Perteneci\u00f3 desde el principio de su carrera al club de esqu\u00ed de \u00a0<em><strong>Fj\u00e4llvinden<\/strong><\/em> de\u00a0T\u00e4rnaby, en el que tambi\u00e9n hab\u00edan competido las leyendas del esqu\u00ed alpino sueco\u00a0<strong>Ingemar Stenmark\u00a0y\u00a0Stig Strand<\/strong>.\u00a0Desde joven fue campeona, ganando su primera carrera mundial con la edad de 17 a\u00f1os y su primer oro a los 21. En los comienzos del siglo XXI domin\u00f3 las pistas del esqu\u00ed alpino femenino junto con la croata Janica Kostelic. Tras su \u00e9xito en las Olimpiadas de Salt Lake City y de Turin, tuvo un bache en su carrera entre los a\u00f1os 2007-2008, \u00e9poca mala que pronto dejar\u00eda atr\u00e1s con nuevas victorias.<\/p>\n<p style=\"text-align: justify;\">Es cierto que la esquiadora lo ha conseguido todo en su carrera, adem\u00e1s de la victoria y subcampeonatos ol\u00edmpicos, \u00a0tiene medallas de oro de campeonatos de mundo en las cinco disciplinas del esqu\u00ed alpino con un total de 42 carreras ganadas. En toda la historia del esqu\u00ed alpino, <strong>P\u00e4rson es la quinta esquiadora que m\u00e1s carreras ha ganado y la primera esquiadora en ganar el campeonato de mundo en las cinco disciplinas.<\/strong><\/p>\n<p style=\"text-align: justify;\">Sus campeonatos de mundo incluyen <em><strong>18 victorias en slalom, 11 en slalom gigante, 6 en descenso, 4 en supergigante y 3 en combinada.<\/strong><\/em><\/p>\n<p style=\"text-align: justify;\">Las medallas ol\u00edmpicas de P\u00e4rson datan de las Olimpiadas de <strong>Salt Lake City en 2002 (medallas de plata y de bronze)<\/strong>, de las <strong>Olimpiadas de Turin en 2006 (Medalla de oro y dos medallas de bronze)<\/strong> y de las <strong><a title=\"Juegos Ol\u00edmpicos de Vancouver 2010\" href=\"http:\/\/www.spainfitness.com\/actualidad-deportiva\/articulo\/olimpiadas-de-invierno-vancouver-2010.html\" target=\"_blank\">Olimpiadas de Vancouver en 2010 <\/a>(medalla de bronze)<\/strong>, donde la esquiadora sufri\u00f3 un grave accidente que casi termin\u00f3 con su carrera.<\/p>\n<p style=\"text-align: justify;\">P\u00e4rson constata que abandonar ahora su carrera ha sido la decisi\u00f3n m\u00e1s dif\u00edcil de su vida, pero que al mismo tiempo se encuentra animada y con curiosidad hacia el futuro. La deportista afincada en Monaco afirma sentirse preparada para nuevos retos en su vida y destaca como momento culminante de su carrera profesional el bronze conseguido en Vancouver a pesar de la tr\u00e1gica ca\u00edda que sufri\u00f3, accidente que le servir\u00eda, seg\u00fan sus propias palabras, para superar a s\u00ed misma en el plano de la habilidad mental: &#8220;Esa colina simplemente no \u00edba a vencerme&#8221;.<\/p>\n<p style=\"text-align: justify;\">La esquiadora ha aprovechado para abandonar su carrera antes de la finalizaci\u00f3n de la temporada de esqu\u00ed para poder estar en contacto con sus colegas, seguidores y los medios de comunicaci\u00f3n en los siguientes campeonatos que quedan del a\u00f1o, carreras en las que ella, evidentemente ya no participar\u00e1 como concursante. P\u00e4rson ha tambi\u00e9n dado p\u00fablicamente las gracias a su familia, sus seguidores, sus patrocinadores \u00a0y a la Asociaci\u00f3n Sueca del Esqu\u00ed, anunciando que, a pesar de ru retirada, seguir\u00e1 colaborando en el mundo del esqu\u00ed y del deporte en general, \u00a0para que los deportistas puedan practicar su deporte en las mejores y \u00f3ptimas condiciones y que su voz sea escuchada.<\/p>\n<p>&nbsp;<\/p>\n<p>&nbsp;<\/p>\n","protected":false},"excerpt":{"rendered":"<p>La esquiadora alpinista sueca Anja P\u00e4rson\u00a0ha anunciado que se retirar\u00e1 del esqu\u00ed tras finalizar el campeonato de \u00a0Copa del Mundo de\u00a0Schladming esta semana. Ganadora de oro ol\u00edmpico, siete veces campeona del mundo y dos veces campeona de la Copa de Mundo de esqu\u00ed alpino, la esquiadora de 30 a\u00f1os ha decidido terminar su carrera debido [&hellip;]<\/p>\n","protected":false},"author":1,"featured_media":723,"comment_status":"open","ping_status":"open","sticky":false,"template":"","format":"standard","meta":{"footnotes":""},"categories":[7,98,93],"tags":[164,165,166],"class_list":["post-722","post","type-post","status-publish","format-standard","has-post-thumbnail","hentry","category-actualidad","category-deportes-nordicos","category-noticias-de-suecia","tag-anja-paerson","tag-esqui-alpino","tag-retirada-del-anja-paerson"],"_links":{"self":[{"href":"http:\/\/thenordiccountries.com\/es\/wp-json\/wp\/v2\/posts\/722","targetHints":{"allow":["GET"]}}],"collection":[{"href":"http:\/\/thenordiccountries.com\/es\/wp-json\/wp\/v2\/posts"}],"about":[{"href":"http:\/\/thenordiccountries.com\/es\/wp-json\/wp\/v2\/types\/post"}],"author":[{"embeddable":true,"href":"http:\/\/thenordiccountries.com\/es\/wp-json\/wp\/v2\/users\/1"}],"replies":[{"embeddable":true,"href":"http:\/\/thenordiccountries.com\/es\/wp-json\/wp\/v2\/comments?post=722"}],"version-history":[{"count":7,"href":"http:\/\/thenordiccountries.com\/es\/wp-json\/wp\/v2\/posts\/722\/revisions"}],"predecessor-version":[{"id":725,"href":"http:\/\/thenordiccountries.com\/es\/wp-json\/wp\/v2\/posts\/722\/revisions\/725"}],"wp:featuredmedia":[{"embeddable":true,"href":"http:\/\/thenordiccountries.com\/es\/wp-json\/wp\/v2\/media\/723"}],"wp:attachment":[{"href":"http:\/\/thenordiccountries.com\/es\/wp-json\/wp\/v2\/media?parent=722"}],"wp:term":[{"taxonomy":"category","embeddable":true,"href":"http:\/\/thenordiccountries.com\/es\/wp-json\/wp\/v2\/categories?post=722"},{"taxonomy":"post_tag","embeddable":true,"href":"http:\/\/thenordiccountries.com\/es\/wp-json\/wp\/v2\/tags?post=722"}],"curies":[{"name":"wp","href":"https:\/\/api.w.org\/{rel}","templated":true}]}}